{"id":7765,"date":"2022-02-16T13:39:24","date_gmt":"2022-02-16T16:39:24","guid":{"rendered":"https:\/\/doblesytriples.com.ar\/?p=7765"},"modified":"2022-02-16T13:45:19","modified_gmt":"2022-02-16T16:45:19","slug":"24-segundos-federico-fernandez","status":"publish","type":"post","link":"https:\/\/doblesytriples.com.ar\/?p=7765","title":{"rendered":"24 Segundos: Federico Fern\u00e1ndez"},"content":{"rendered":"\n<p>El entrenador Federico Fern\u00e1ndez respondi\u00f3 el ping-pong de preguntas y respuestas hist\u00f3rico de <em><strong>doblesytriples<\/strong><\/em> llamado 24 Segundos, en honor al tiempo de posesi\u00f3n del bal\u00f3n en el b\u00e1squetbol. Se trata de 24 preguntas en las que se repasan los comienzos en el b\u00e1squetbol, la historia, los gustos y la actualidad en la carrera del entrenador.<\/p>\n\n\n\n<p><strong>Trayectoria:<\/strong> Nacido en Bragado hace 36 a\u00f1os, Federico Fern\u00e1ndez pas\u00f3 por las inferiores de Lan\u00fas y Boca Juniors, y fue el asistente de Juli\u00e1n Pagura en el campeonato y ascenso de Ciclista de Jun\u00edn a la Liga Nacional en 2014. Fue asistente t\u00e9cnico de Hern\u00e1n Laginestra entre 2018 y 2020 en Ferro Carril Oeste, y a partir de la temporada 2020\/2021 es el entrenador en jefe del club de Caballito, en donde lo acompa\u00f1an los asistentes Ezequiel Vallet y Ronaldo C\u00f3rdoba, el preparador f\u00edsico Patricio Pallares y el kinesi\u00f3logo Juan Manuel Ferraro.<\/p>\n\n\n\n<ol type=\"1\"><li><strong>Un \u00eddolo:<\/strong> Mart\u00edn Palermo.<\/li><li><strong>Tu jugador preferido de ni\u00f1o:<\/strong> Sebasti\u00e1n \u201cPaco\u201d Festa.<\/li><li><strong>Tu jugador preferido de la actualidad:<\/strong> Facundo Campazzo.<\/li><li><strong>Los mejores jugadores que dirigiste:<\/strong> Debido a mi corta experiencia me quedo con todos porque me han ayudado a crecer en estas dos temporadas.<\/li><li><strong>Quinteto ideal con jugadores que dirigiste: <\/strong>Rodrigo Gallegos, Tom\u00e1s Spano, Valent\u00edn Bettiga, Theo Metzger, Eduardo Vasirani.<\/li><li><strong>Los jugadores m\u00e1s aplicados t\u00e1cticamente: <\/strong>Spano, Bettiga, Ortiz, Glinberg, Laterza, Vasirani, Osores, Luchi.<\/li><li><strong>El entrenador que m\u00e1s te ense\u00f1\u00f3:<\/strong> Todos con los que compart\u00ed momentos de chico siendo jugador y luego como entrenador.<\/li><li><strong>Amigos dentro del ambiente del b\u00e1squetbol:<\/strong> Muchos con los que tengo una gran relaci\u00f3n, gracias a Dios son muchos.<\/li><li><strong>\u00bfCu\u00e1ndo te diste cuenta de que ibas a ser entrenador?:<\/strong> De muy chico viendo por televisi\u00f3n la Liga Nacional, le dije a mi familia que iba a llegar ah\u00ed.<\/li><li><strong>El partido que m\u00e1s record\u00e1s y por qu\u00e9 motivo:<\/strong> Varios, me quedo con el partido contra Pe\u00f1arol de Mar del Plata por el S\u00faper 20 de 2021, con el triple de aro a aro del &#8220;Ruso&#8221; Bettiga, que luego ganamos en tiempo suplementario.<\/li><li><strong>El mejor consejo:<\/strong> Que el \u00e9xito en la vida es ser una buena persona.<\/li><li><strong>\u00bfQu\u00e9 significa el b\u00e1squetbol en tu vida?: <\/strong>Una elecci\u00f3n de por vida jug\u00e1ndolo y pudiendo trabajar de lo que amo.<\/li><li><strong>&nbsp;De no haber sido entrenador, \u00bfqu\u00e9 ser\u00eda de tu vida hoy?:<\/strong> Trabajar\u00eda en el negocio de repuestos de mi familia.<\/li><li><strong>\u00bfTe imagin\u00e1s en otra funci\u00f3n que no sea la de entrenador?:<\/strong> S\u00ed, como representante de jugadores o como manager de alguna instituci\u00f3n.<\/li><li><strong>Tu equipo preferido de la NBA y de Europa:<\/strong> Chicago Bulls de la d\u00e9cada de 1990 con Michael Jordan y el Panathinaikos de Grecia.<\/li><li><strong>Un hobby:<\/strong> Jugar a la play con amigos.<\/li><li><strong>Otro deporte:<\/strong> Tenis.<\/li><li><strong>Tu comida favorita: <\/strong>Asado con fideos.<\/li><li><strong>Una an\u00e9cdota:<\/strong> Cuando Jamaal Douglas, un americano que lleg\u00f3 a Ciclista en el TNA, dijo que llegaba a Jun\u00edn para ser campe\u00f3n, cuando nosotros nos hab\u00edamos armado para mantener la categor\u00eda\u2026 Al final terminamos siendo campeones y ascendiendo a la A.<\/li><li><strong>&nbsp;Red Social favorita:<\/strong> Twitter.<\/li><li><strong>\u00bfDe qu\u00e9 cuadro sos hincha en el f\u00fatbol?:<\/strong> Boca Juniors.<\/li><li><strong>Una c\u00e1bala:<\/strong> Repetir el mismo camino al club y los calzoncillos del \u00faltimo triunfo.<\/li><li><strong>\u00bfPrefer\u00eds traje o ropa deportiva para los partidos?:<\/strong> Ropa deportiva.<\/li><li><strong>Un sue\u00f1o:<\/strong> Que mis hijos crezcan sanos y sean buenas personas.<\/li><\/ol>\n\n\n\n<p>Fuentes: @LigaNacional; laliganacional.com.ar; @FerroOficial<\/p>\n\n\n\n<p>Fotos: @adaniyasebas<\/p>\n\n\n\n<p><a href=\"mailto:sebastian.adaniya@doblesytriples.com.ar\">sebastian.adaniya@doblesytriples.com.ar<\/a><\/p>\n\n\n\n<p><\/p>\n\n\n\n<figure class=\"wp-block-embed-youtube wp-block-embed is-type-video is-provider-youtube wp-embed-aspect-16-9 wp-has-aspect-ratio\"><div class=\"wp-block-embed__wrapper\">\n<iframe title=\"24 Segundos: Federico Fern\u00e1ndez elige el partido que m\u00e1s recuerda, el del triple de Valent\u00edn Bettiga\" width=\"640\" height=\"360\" src=\"https:\/\/www.youtube.com\/embed\/tfEicMMKFvQ?feature=oembed\" frameborder=\"0\" allow=\"accelerometer; autoplay; clipboard-write; encrypted-media; gyroscope; picture-in-picture\" allowfullscreen><\/iframe>\n<\/div><\/figure>\n\n\n\n<figure class=\"wp-block-embed-youtube wp-block-embed is-type-video is-provider-youtube wp-embed-aspect-16-9 wp-has-aspect-ratio\"><div class=\"wp-block-embed__wrapper\">\n<iframe title=\"La Jugada del D\u00eda: El triple desde su propio campo de Valent\u00edn Bettiga para mandar a tiempo extra\" width=\"640\" height=\"360\" src=\"https:\/\/www.youtube.com\/embed\/MhSTP-cMvSI?feature=oembed\" frameborder=\"0\" allow=\"accelerometer; autoplay; clipboard-write; encrypted-media; gyroscope; picture-in-picture\" allowfullscreen><\/iframe>\n<\/div><\/figure>\n\n\n\n<figure class=\"wp-block-embed-youtube wp-block-embed is-type-video is-provider-youtube wp-embed-aspect-16-9 wp-has-aspect-ratio\"><div class=\"wp-block-embed__wrapper\">\n<iframe title=\"Federico Fern\u00e1ndez y sus jugadores en un tiempo muerto de Ferro Carril Oeste\" width=\"640\" height=\"360\" src=\"https:\/\/www.youtube.com\/embed\/szcR4r96GE8?feature=oembed\" frameborder=\"0\" allow=\"accelerometer; autoplay; clipboard-write; encrypted-media; gyroscope; picture-in-picture\" allowfullscreen><\/iframe>\n<\/div><\/figure>\n\n\n\n<figure class=\"wp-block-image size-large\"><img loading=\"lazy\" width=\"1024\" height=\"1024\" src=\"https:\/\/doblesytriples.com.ar\/wp-content\/uploads\/2022\/02\/220216-Federico-Fernandez-1024x1024.png\" alt=\"\" class=\"wp-image-7767\" srcset=\"https:\/\/doblesytriples.com.ar\/wp-content\/uploads\/2022\/02\/220216-Federico-Fernandez-1024x1024.png 1024w, https:\/\/doblesytriples.com.ar\/wp-content\/uploads\/2022\/02\/220216-Federico-Fernandez-300x300.png 300w, https:\/\/doblesytriples.com.ar\/wp-content\/uploads\/2022\/02\/220216-Federico-Fernandez-150x150.png 150w, https:\/\/doblesytriples.com.ar\/wp-content\/uploads\/2022\/02\/220216-Federico-Fernandez-768x768.png 768w, https:\/\/doblesytriples.com.ar\/wp-content\/uploads\/2022\/02\/220216-Federico-Fernandez-128x128.png 128w, https:\/\/doblesytriples.com.ar\/wp-content\/uploads\/2022\/02\/220216-Federico-Fernandez-32x32.png 32w, https:\/\/doblesytriples.com.ar\/wp-content\/uploads\/2022\/02\/220216-Federico-Fernandez-80x80.png 80w, https:\/\/doblesytriples.com.ar\/wp-content\/uploads\/2022\/02\/220216-Federico-Fernandez-356x356.png 356w, https:\/\/doblesytriples.com.ar\/wp-content\/uploads\/2022\/02\/220216-Federico-Fernandez-470x470.png 470w, https:\/\/doblesytriples.com.ar\/wp-content\/uploads\/2022\/02\/220216-Federico-Fernandez-70x70.png 70w, https:\/\/doblesytriples.com.ar\/wp-content\/uploads\/2022\/02\/220216-Federico-Fernandez-100x100.png 100w, https:\/\/doblesytriples.com.ar\/wp-content\/uploads\/2022\/02\/220216-Federico-Fernandez-40x40.png 40w, https:\/\/doblesytriples.com.ar\/wp-content\/uploads\/2022\/02\/220216-Federico-Fernandez.png 1080w\" sizes=\"(max-width: 1024px) 100vw, 1024px\" \/><\/figure>\n\n\n\n<figure class=\"wp-block-image size-large\"><img loading=\"lazy\" width=\"768\" height=\"1024\" src=\"https:\/\/doblesytriples.com.ar\/wp-content\/uploads\/2022\/02\/fernandez-federico-dyt-1-768x1024.jpeg\" alt=\"\" class=\"wp-image-7768\" srcset=\"https:\/\/doblesytriples.com.ar\/wp-content\/uploads\/2022\/02\/fernandez-federico-dyt-1-768x1024.jpeg 768w, https:\/\/doblesytriples.com.ar\/wp-content\/uploads\/2022\/02\/fernandez-federico-dyt-1-225x300.jpeg 225w, https:\/\/doblesytriples.com.ar\/wp-content\/uploads\/2022\/02\/fernandez-federico-dyt-1-1152x1536.jpeg 1152w, https:\/\/doblesytriples.com.ar\/wp-content\/uploads\/2022\/02\/fernandez-federico-dyt-1-96x128.jpeg 96w, https:\/\/doblesytriples.com.ar\/wp-content\/uploads\/2022\/02\/fernandez-federico-dyt-1-24x32.jpeg 24w, https:\/\/doblesytriples.com.ar\/wp-content\/uploads\/2022\/02\/fernandez-federico-dyt-1-300x400.jpeg 300w, https:\/\/doblesytriples.com.ar\/wp-content\/uploads\/2022\/02\/fernandez-federico-dyt-1-435x580.jpeg 435w, https:\/\/doblesytriples.com.ar\/wp-content\/uploads\/2022\/02\/fernandez-federico-dyt-1-53x70.jpeg 53w, https:\/\/doblesytriples.com.ar\/wp-content\/uploads\/2022\/02\/fernandez-federico-dyt-1-75x100.jpeg 75w, https:\/\/doblesytriples.com.ar\/wp-content\/uploads\/2022\/02\/fernandez-federico-dyt-1.jpeg 1200w\" sizes=\"(max-width: 768px) 100vw, 768px\" \/><\/figure>\n","protected":false},"excerpt":{"rendered":"<p>El entrenador Federico Fern\u00e1ndez respondi\u00f3 el ping-pong de preguntas y respuestas hist\u00f3rico de doblesytriples llamado 24 Segundos, en honor al tiempo de posesi\u00f3n del&#8230;<\/p>\n","protected":false},"author":2,"featured_media":7766,"comment_status":"open","ping_status":"open","sticky":false,"template":"","format":"standard","meta":[],"categories":[245,100],"tags":[894,227],"_links":{"self":[{"href":"https:\/\/doblesytriples.com.ar\/index.php?rest_route=\/wp\/v2\/posts\/7765"}],"collection":[{"href":"https:\/\/doblesytriples.com.ar\/index.php?rest_route=\/wp\/v2\/posts"}],"about":[{"href":"https:\/\/doblesytriples.com.ar\/index.php?rest_route=\/wp\/v2\/types\/post"}],"author":[{"embeddable":true,"href":"https:\/\/doblesytriples.com.ar\/index.php?rest_route=\/wp\/v2\/users\/2"}],"replies":[{"embeddable":true,"href":"https:\/\/doblesytriples.com.ar\/index.php?rest_route=%2Fwp%2Fv2%2Fcomments&post=7765"}],"version-history":[{"count":2,"href":"https:\/\/doblesytriples.com.ar\/index.php?rest_route=\/wp\/v2\/posts\/7765\/revisions"}],"predecessor-version":[{"id":7770,"href":"https:\/\/doblesytriples.com.ar\/index.php?rest_route=\/wp\/v2\/posts\/7765\/revisions\/7770"}],"wp:featuredmedia":[{"embeddable":true,"href":"https:\/\/doblesytriples.com.ar\/index.php?rest_route=\/wp\/v2\/media\/7766"}],"wp:attachment":[{"href":"https:\/\/doblesytriples.com.ar\/index.php?rest_route=%2Fwp%2Fv2%2Fmedia&parent=7765"}],"wp:term":[{"taxonomy":"category","embeddable":true,"href":"https:\/\/doblesytriples.com.ar\/index.php?rest_route=%2Fwp%2Fv2%2Fcategories&post=7765"},{"taxonomy":"post_tag","embeddable":true,"href":"https:\/\/doblesytriples.com.ar\/index.php?rest_route=%2Fwp%2Fv2%2Ftags&post=7765"}],"curies":[{"name":"wp","href":"https:\/\/api.w.org\/{rel}","templated":true}]}}