{"id":7175,"date":"2021-09-20T15:33:00","date_gmt":"2021-09-20T18:33:00","guid":{"rendered":"https:\/\/doblesytriples.com.ar\/?p=7175"},"modified":"2021-09-23T15:35:13","modified_gmt":"2021-09-23T18:35:13","slug":"la-jugada-del-dia-vadim-miller-poddubchenko-2","status":"publish","type":"post","link":"https:\/\/doblesytriples.com.ar\/?p=7175","title":{"rendered":"La Jugada del D\u00eda: Vadim \u201cMiller\u201d Poddubchenko"},"content":{"rendered":"\n<p>Otro t\u00edtulo de volcadas para el ucraniano Vadim &#8220;Miller&#8221; Poddubchenko (@miller_dunks), esta vez con esta acci\u00f3n sin mirar, en el World Tour de FIBA 3&#215;3 en Praga, la capital de Rep\u00fablica Checa.<\/p>\n\n\n\n<p>Fuente: @fiba3x3<\/p>\n\n\n\n<p><a href=\"mailto:sebastian.adaniya@doblesytriples.com.ar\">sebastian.adaniya@doblesytriples.com.ar<\/a><\/p>\n\n\n\n<p><\/p>\n\n\n\n<figure class=\"wp-block-embed-twitter wp-block-embed is-type-rich is-provider-twitter\"><div class=\"wp-block-embed__wrapper\">\nhttps:\/\/twitter.com\/i\/status\/1439566754007629825\n<\/div><\/figure>\n\n\n\n<figure class=\"wp-block-image size-large\"><img loading=\"lazy\" width=\"680\" height=\"680\" src=\"https:\/\/doblesytriples.com.ar\/wp-content\/uploads\/2021\/09\/3x3-praga.jpg\" alt=\"\" class=\"wp-image-7177\" srcset=\"https:\/\/doblesytriples.com.ar\/wp-content\/uploads\/2021\/09\/3x3-praga.jpg 680w, https:\/\/doblesytriples.com.ar\/wp-content\/uploads\/2021\/09\/3x3-praga-300x300.jpg 300w, https:\/\/doblesytriples.com.ar\/wp-content\/uploads\/2021\/09\/3x3-praga-150x150.jpg 150w, https:\/\/doblesytriples.com.ar\/wp-content\/uploads\/2021\/09\/3x3-praga-128x128.jpg 128w, https:\/\/doblesytriples.com.ar\/wp-content\/uploads\/2021\/09\/3x3-praga-32x32.jpg 32w, https:\/\/doblesytriples.com.ar\/wp-content\/uploads\/2021\/09\/3x3-praga-80x80.jpg 80w, https:\/\/doblesytriples.com.ar\/wp-content\/uploads\/2021\/09\/3x3-praga-356x356.jpg 356w, https:\/\/doblesytriples.com.ar\/wp-content\/uploads\/2021\/09\/3x3-praga-470x470.jpg 470w, https:\/\/doblesytriples.com.ar\/wp-content\/uploads\/2021\/09\/3x3-praga-70x70.jpg 70w, https:\/\/doblesytriples.com.ar\/wp-content\/uploads\/2021\/09\/3x3-praga-100x100.jpg 100w, https:\/\/doblesytriples.com.ar\/wp-content\/uploads\/2021\/09\/3x3-praga-40x40.jpg 40w\" sizes=\"(max-width: 680px) 100vw, 680px\" \/><\/figure>\n","protected":false},"excerpt":{"rendered":"<p>Otro t\u00edtulo de volcadas para el ucraniano Vadim &#8220;Miller&#8221; Poddubchenko (@miller_dunks), esta vez con esta acci\u00f3n sin mirar, en el World Tour de FIBA&#8230;<\/p>\n","protected":false},"author":2,"featured_media":7176,"comment_status":"open","ping_status":"open","sticky":false,"template":"","format":"standard","meta":[],"categories":[459,116,318],"tags":[857],"_links":{"self":[{"href":"https:\/\/doblesytriples.com.ar\/index.php?rest_route=\/wp\/v2\/posts\/7175"}],"collection":[{"href":"https:\/\/doblesytriples.com.ar\/index.php?rest_route=\/wp\/v2\/posts"}],"about":[{"href":"https:\/\/doblesytriples.com.ar\/index.php?rest_route=\/wp\/v2\/types\/post"}],"author":[{"embeddable":true,"href":"https:\/\/doblesytriples.com.ar\/index.php?rest_route=\/wp\/v2\/users\/2"}],"replies":[{"embeddable":true,"href":"https:\/\/doblesytriples.com.ar\/index.php?rest_route=%2Fwp%2Fv2%2Fcomments&post=7175"}],"version-history":[{"count":1,"href":"https:\/\/doblesytriples.com.ar\/index.php?rest_route=\/wp\/v2\/posts\/7175\/revisions"}],"predecessor-version":[{"id":7178,"href":"https:\/\/doblesytriples.com.ar\/index.php?rest_route=\/wp\/v2\/posts\/7175\/revisions\/7178"}],"wp:featuredmedia":[{"embeddable":true,"href":"https:\/\/doblesytriples.com.ar\/index.php?rest_route=\/wp\/v2\/media\/7176"}],"wp:attachment":[{"href":"https:\/\/doblesytriples.com.ar\/index.php?rest_route=%2Fwp%2Fv2%2Fmedia&parent=7175"}],"wp:term":[{"taxonomy":"category","embeddable":true,"href":"https:\/\/doblesytriples.com.ar\/index.php?rest_route=%2Fwp%2Fv2%2Fcategories&post=7175"},{"taxonomy":"post_tag","embeddable":true,"href":"https:\/\/doblesytriples.com.ar\/index.php?rest_route=%2Fwp%2Fv2%2Ftags&post=7175"}],"curies":[{"name":"wp","href":"https:\/\/api.w.org\/{rel}","templated":true}]}}