{"id":6798,"date":"2021-07-17T13:59:22","date_gmt":"2021-07-17T16:59:22","guid":{"rendered":"https:\/\/doblesytriples.com.ar\/?p=6798"},"modified":"2021-07-17T14:15:15","modified_gmt":"2021-07-17T17:15:15","slug":"plantel-confirmado-para-los-juegos-olimpicos-de-tokio","status":"publish","type":"post","link":"https:\/\/doblesytriples.com.ar\/?p=6798","title":{"rendered":"Plantel confirmado para los Juegos Ol\u00edmpicos de Tokio"},"content":{"rendered":"\n<p>A s\u00f3lo 9 d\u00edas del debut frente a Eslovenia el 26 de Julio de 2021 en los Juegos Ol\u00edmpicos de Tokio 2020, el DT Sergio Hern\u00e1ndez defini\u00f3 el plantel de 12 jugadores para afrontar la competencia. Fueron desafectados M\u00e1ximo Fjellerup -subcampe\u00f3n mundial en China 2019-, Juan Francisco Fern\u00e1ndez -que viene de salir 8\u00b0 en el Mundial U19- y Lautaro Berra -pivote de Obras Basket-. Francisco C\u00e1ffaro, de 21 a\u00f1os y 2.14 metros, har\u00e1 su debut en el seleccionado mayor al igual que Leandro Bolmaro, que hab\u00eda quedado afuera del Mundial 2019 en el \u00faltimo corte.<\/p>\n\n\n\n<p>De esta manera, el plantel que va a viajar a Jap\u00f3n est\u00e1 conformado de la siguiente manera:<\/p>\n\n\n\n<p><strong>Bases:<\/strong> Facundo Campazzo, Nicol\u00e1s Laprov\u00edttola, Luca Vildoza.<\/p>\n\n\n\n<p><strong>Escoltas:<\/strong> Nicol\u00e1s Brussino, Leandro Bolmaro.<\/p>\n\n\n\n<p><strong>Aleros:<\/strong> Gabriel Deck, Patricio Garino, Juan Pablo Vaulet.<\/p>\n\n\n\n<p><strong>Ala Pivotes:<\/strong> Luis Scola,<\/p>\n\n\n\n<p><strong>Pivotes:<\/strong> Marcos Del\u00eda, Tayavek Gallizzi, Francisco C\u00e1ffaro.<\/p>\n\n\n\n<p><\/p>\n\n\n\n<p><strong>Entrenador:<\/strong> Sergio Hern\u00e1ndez.<\/p>\n\n\n\n<p><strong>Asistentes T\u00e9cnicos:<\/strong> Silvio Santander, Gabriel Piccato, Juan Gatti, Maxi Seigorman.<\/p>\n\n\n\n<p><strong>Kinesi\u00f3logos:<\/strong> Leandro Amigo, Paulo Maccari.<\/p>\n\n\n\n<p><strong>Preparador F\u00edsico:<\/strong> Manuel \u00c1lvarez.<\/p>\n\n\n\n<p><strong>Utilero:<\/strong> Facundo Vartanian.<\/p>\n\n\n\n<p><\/p>\n\n\n\n<p>Fuente: @cabboficial<\/p>\n\n\n\n<p><a href=\"mailto:sebastian.adaniya@doblesytriples.com.ar\">sebastian.adaniya@doblesytriples.com.ar<\/a><\/p>\n\n\n\n<figure class=\"wp-block-embed-twitter wp-block-embed is-type-rich is-provider-twitter\"><div class=\"wp-block-embed__wrapper\">\nhttps:\/\/twitter.com\/i\/status\/1416392835155251201\n<\/div><\/figure>\n\n\n\n<figure class=\"wp-block-image size-large\"><img loading=\"lazy\" width=\"819\" height=\"1024\" src=\"https:\/\/doblesytriples.com.ar\/wp-content\/uploads\/2021\/07\/plantel-cabb-819x1024.jpg\" alt=\"\" class=\"wp-image-6799\" srcset=\"https:\/\/doblesytriples.com.ar\/wp-content\/uploads\/2021\/07\/plantel-cabb-819x1024.jpg 819w, https:\/\/doblesytriples.com.ar\/wp-content\/uploads\/2021\/07\/plantel-cabb-240x300.jpg 240w, https:\/\/doblesytriples.com.ar\/wp-content\/uploads\/2021\/07\/plantel-cabb-768x960.jpg 768w, https:\/\/doblesytriples.com.ar\/wp-content\/uploads\/2021\/07\/plantel-cabb-102x128.jpg 102w, https:\/\/doblesytriples.com.ar\/wp-content\/uploads\/2021\/07\/plantel-cabb-26x32.jpg 26w, https:\/\/doblesytriples.com.ar\/wp-content\/uploads\/2021\/07\/plantel-cabb-320x400.jpg 320w, https:\/\/doblesytriples.com.ar\/wp-content\/uploads\/2021\/07\/plantel-cabb-464x580.jpg 464w, https:\/\/doblesytriples.com.ar\/wp-content\/uploads\/2021\/07\/plantel-cabb-56x70.jpg 56w, https:\/\/doblesytriples.com.ar\/wp-content\/uploads\/2021\/07\/plantel-cabb-80x100.jpg 80w, https:\/\/doblesytriples.com.ar\/wp-content\/uploads\/2021\/07\/plantel-cabb.jpg 1080w\" sizes=\"(max-width: 819px) 100vw, 819px\" \/><\/figure>\n","protected":false},"excerpt":{"rendered":"<p>A s\u00f3lo 9 d\u00edas del debut frente a Eslovenia el 26 de Julio de 2021 en los Juegos Ol\u00edmpicos de Tokio 2020, el DT&#8230;<\/p>\n","protected":false},"author":2,"featured_media":6801,"comment_status":"open","ping_status":"open","sticky":false,"template":"","format":"standard","meta":[],"categories":[768,116,286],"tags":[471,197],"_links":{"self":[{"href":"https:\/\/doblesytriples.com.ar\/index.php?rest_route=\/wp\/v2\/posts\/6798"}],"collection":[{"href":"https:\/\/doblesytriples.com.ar\/index.php?rest_route=\/wp\/v2\/posts"}],"about":[{"href":"https:\/\/doblesytriples.com.ar\/index.php?rest_route=\/wp\/v2\/types\/post"}],"author":[{"embeddable":true,"href":"https:\/\/doblesytriples.com.ar\/index.php?rest_route=\/wp\/v2\/users\/2"}],"replies":[{"embeddable":true,"href":"https:\/\/doblesytriples.com.ar\/index.php?rest_route=%2Fwp%2Fv2%2Fcomments&post=6798"}],"version-history":[{"count":3,"href":"https:\/\/doblesytriples.com.ar\/index.php?rest_route=\/wp\/v2\/posts\/6798\/revisions"}],"predecessor-version":[{"id":6803,"href":"https:\/\/doblesytriples.com.ar\/index.php?rest_route=\/wp\/v2\/posts\/6798\/revisions\/6803"}],"wp:featuredmedia":[{"embeddable":true,"href":"https:\/\/doblesytriples.com.ar\/index.php?rest_route=\/wp\/v2\/media\/6801"}],"wp:attachment":[{"href":"https:\/\/doblesytriples.com.ar\/index.php?rest_route=%2Fwp%2Fv2%2Fmedia&parent=6798"}],"wp:term":[{"taxonomy":"category","embeddable":true,"href":"https:\/\/doblesytriples.com.ar\/index.php?rest_route=%2Fwp%2Fv2%2Fcategories&post=6798"},{"taxonomy":"post_tag","embeddable":true,"href":"https:\/\/doblesytriples.com.ar\/index.php?rest_route=%2Fwp%2Fv2%2Ftags&post=6798"}],"curies":[{"name":"wp","href":"https:\/\/api.w.org\/{rel}","templated":true}]}}