{"id":5908,"date":"2020-11-29T10:48:43","date_gmt":"2020-11-29T13:48:43","guid":{"rendered":"https:\/\/doblesytriples.com.ar\/?p=5908"},"modified":"2020-11-29T10:48:46","modified_gmt":"2020-11-29T13:48:46","slug":"el-jugador-del-dia-maximo-fjellerup","status":"publish","type":"post","link":"https:\/\/doblesytriples.com.ar\/?p=5908","title":{"rendered":"El Jugador del D\u00eda: M\u00e1ximo Fjellerup"},"content":{"rendered":"\n<p>M\u00e1ximo Fjellerup fue muy consistente y clave en ambos costados de la cancha en los 2 triunfos de la Selecci\u00f3n Argentina en la ventana clasificatoria para la FIBA AmeriCup 2022. El escolta de San Lorenzo, oriundo de Tres Arroyos y subcampe\u00f3n del mundo en China 2019, promedi\u00f3 13.0 puntos, 4.5 rebotes, 3.0 robos y 1.5 asistencias en las victorias ante Chile y Colombia. Con el debut de Gabriel Picatto como DT, la Selecci\u00f3n Argentina qued\u00f3 a un paso de la clasificaci\u00f3n en el torneo organizado por FIBA.<\/p>\n\n\n\n<p>Fuentes: @cabboficial; @AmeriCup<\/p>\n\n\n\n<p>sebastian.adaniya@doblesytriples.com.ar<\/p>\n\n\n\n<p><\/p>\n\n\n\n<figure class=\"wp-block-embed-twitter wp-block-embed is-type-rich is-provider-twitter\"><div class=\"wp-block-embed__wrapper\">\n<blockquote class=\"twitter-tweet\" data-width=\"550\" data-dnt=\"true\"><p lang=\"es\" dir=\"ltr\">\u2728 \u00a1Maxi Fjellerup con el doble y la falta!<br><br>\u27a1\ufe0f El de Tres Arroyos fue la llave del equipo -lleva 12 puntos- para que Argentina entre al \u00faltimo cuarto gan\u00e1ndole a Colombia por 59-52. <a href=\"https:\/\/t.co\/Lbb2ARSdTC\">pic.twitter.com\/Lbb2ARSdTC<\/a><\/p>&mdash; CABB (@cabboficial) <a href=\"https:\/\/twitter.com\/cabboficial\/status\/1332874808439267334?ref_src=twsrc%5Etfw\">November 29, 2020<\/a><\/blockquote><script async src=\"https:\/\/platform.twitter.com\/widgets.js\" charset=\"utf-8\"><\/script>\n<\/div><\/figure>\n","protected":false},"excerpt":{"rendered":"<p>M\u00e1ximo Fjellerup fue muy consistente y clave en ambos costados de la cancha en los 2 triunfos de la Selecci\u00f3n Argentina en la ventana&#8230;<\/p>\n","protected":false},"author":2,"featured_media":5909,"comment_status":"open","ping_status":"open","sticky":false,"template":"","format":"standard","meta":[],"categories":[371,116,286],"tags":[283],"_links":{"self":[{"href":"https:\/\/doblesytriples.com.ar\/index.php?rest_route=\/wp\/v2\/posts\/5908"}],"collection":[{"href":"https:\/\/doblesytriples.com.ar\/index.php?rest_route=\/wp\/v2\/posts"}],"about":[{"href":"https:\/\/doblesytriples.com.ar\/index.php?rest_route=\/wp\/v2\/types\/post"}],"author":[{"embeddable":true,"href":"https:\/\/doblesytriples.com.ar\/index.php?rest_route=\/wp\/v2\/users\/2"}],"replies":[{"embeddable":true,"href":"https:\/\/doblesytriples.com.ar\/index.php?rest_route=%2Fwp%2Fv2%2Fcomments&post=5908"}],"version-history":[{"count":1,"href":"https:\/\/doblesytriples.com.ar\/index.php?rest_route=\/wp\/v2\/posts\/5908\/revisions"}],"predecessor-version":[{"id":5910,"href":"https:\/\/doblesytriples.com.ar\/index.php?rest_route=\/wp\/v2\/posts\/5908\/revisions\/5910"}],"wp:featuredmedia":[{"embeddable":true,"href":"https:\/\/doblesytriples.com.ar\/index.php?rest_route=\/wp\/v2\/media\/5909"}],"wp:attachment":[{"href":"https:\/\/doblesytriples.com.ar\/index.php?rest_route=%2Fwp%2Fv2%2Fmedia&parent=5908"}],"wp:term":[{"taxonomy":"category","embeddable":true,"href":"https:\/\/doblesytriples.com.ar\/index.php?rest_route=%2Fwp%2Fv2%2Fcategories&post=5908"},{"taxonomy":"post_tag","embeddable":true,"href":"https:\/\/doblesytriples.com.ar\/index.php?rest_route=%2Fwp%2Fv2%2Ftags&post=5908"}],"curies":[{"name":"wp","href":"https:\/\/api.w.org\/{rel}","templated":true}]}}