{"id":5895,"date":"2020-11-28T11:58:34","date_gmt":"2020-11-28T14:58:34","guid":{"rendered":"https:\/\/doblesytriples.com.ar\/?p=5895"},"modified":"2020-11-28T12:22:03","modified_gmt":"2020-11-28T15:22:03","slug":"el-emotivo-video-de-despedida-a-diego-maradona-de-todo-el-basquetbol-argentino","status":"publish","type":"post","link":"https:\/\/doblesytriples.com.ar\/?p=5895","title":{"rendered":"El emotivo video de despedida a Diego Maradona de todo el b\u00e1squetbol argentino"},"content":{"rendered":"\n<p>El homenaje que naci\u00f3 desde los jugadores, de la Confederaci\u00f3n Argentina de B\u00e1squetbol (CABB) y que se materializ\u00f3 con la locuci\u00f3n de Fabricio Oberto, de parte de todo el b\u00e1squetbol argentino para Diego Armando Maradona. Para emocionarse hasta las l\u00e1grimas con los momentos compartidos por el eterno N\u00ba10 con el seleccionado nacional de b\u00e1squetbol a lo largo de la historia.<\/p>\n\n\n\n<p>\u201cFuiste un genuino hincha del b\u00e1squet argentino y de nuestra amada Selecci\u00f3n. Fuiste a alentar, fuiste a nuestras canchas, estuviste en nuestros vestuarios y admiraste a nuestros jugadores, cuando vos eras el N\u00ba1, pero sin hacerle sentir a nadie lo que realmente eras.&nbsp; Porque eso fuiste vos, uno m\u00e1s de nosotros, con errores y virtudes, pero sobre todo con una pasi\u00f3n desbordante por nuestro pa\u00eds, con un contagioso amor por el juego, con una calidez humana, un carisma y una humildad que siempre nos cautiv\u00f3 hasta el coraz\u00f3n. Gracias Diego, por estar con nosotros de una forma genuina. Simplemente gracias, para toda la eternidad\u201d.<\/p>\n\n\n\n<p>Gracias Diego, que en paz descanses\u2026 Vas a estar en nuestros corazones para toda la eternidad.<\/p>\n\n\n\n<p><strong>Fuentes:<\/strong> @cabboficial; argentina.basketball<\/p>\n\n\n\n<p><a href=\"mailto:sebastian.adaniya@doblesytriples.com.ar\">sebastian.adaniya@doblesytriples.com.ar<\/a><\/p>\n\n\n\n<p><\/p>\n\n\n\n<figure class=\"wp-block-embed-youtube wp-block-embed is-type-video is-provider-youtube wp-embed-aspect-4-3 wp-has-aspect-ratio\"><div class=\"wp-block-embed__wrapper\">\n<iframe title=\"El emotivo video de despedida a Diego Maradona de todo el b\u00e1squetbol argentino\" width=\"640\" height=\"480\" src=\"https:\/\/www.youtube.com\/embed\/4vMtVOoq13g?feature=oembed\" frameborder=\"0\" allow=\"accelerometer; autoplay; clipboard-write; encrypted-media; gyroscope; picture-in-picture\" allowfullscreen><\/iframe>\n<\/div><\/figure>\n\n\n\n<figure class=\"wp-block-image size-large\"><img loading=\"lazy\" width=\"1024\" height=\"698\" src=\"https:\/\/doblesytriples.com.ar\/wp-content\/uploads\/2020\/11\/foto-2-1-1024x698.jpg\" alt=\"\" class=\"wp-image-5897\" srcset=\"https:\/\/doblesytriples.com.ar\/wp-content\/uploads\/2020\/11\/foto-2-1-1024x698.jpg 1024w, https:\/\/doblesytriples.com.ar\/wp-content\/uploads\/2020\/11\/foto-2-1-300x204.jpg 300w, https:\/\/doblesytriples.com.ar\/wp-content\/uploads\/2020\/11\/foto-2-1-768x523.jpg 768w, https:\/\/doblesytriples.com.ar\/wp-content\/uploads\/2020\/11\/foto-2-1-128x87.jpg 128w, https:\/\/doblesytriples.com.ar\/wp-content\/uploads\/2020\/11\/foto-2-1-32x22.jpg 32w, https:\/\/doblesytriples.com.ar\/wp-content\/uploads\/2020\/11\/foto-2-1-356x243.jpg 356w, https:\/\/doblesytriples.com.ar\/wp-content\/uploads\/2020\/11\/foto-2-1-470x320.jpg 470w, https:\/\/doblesytriples.com.ar\/wp-content\/uploads\/2020\/11\/foto-2-1-70x48.jpg 70w, https:\/\/doblesytriples.com.ar\/wp-content\/uploads\/2020\/11\/foto-2-1-100x68.jpg 100w, https:\/\/doblesytriples.com.ar\/wp-content\/uploads\/2020\/11\/foto-2-1.jpg 1258w\" sizes=\"(max-width: 1024px) 100vw, 1024px\" \/><\/figure>\n\n\n\n<figure class=\"wp-block-image size-large\"><img loading=\"lazy\" width=\"1024\" height=\"720\" src=\"https:\/\/doblesytriples.com.ar\/wp-content\/uploads\/2020\/11\/foto-3-1-1024x720.jpg\" alt=\"\" class=\"wp-image-5898\" srcset=\"https:\/\/doblesytriples.com.ar\/wp-content\/uploads\/2020\/11\/foto-3-1-1024x720.jpg 1024w, https:\/\/doblesytriples.com.ar\/wp-content\/uploads\/2020\/11\/foto-3-1-300x211.jpg 300w, https:\/\/doblesytriples.com.ar\/wp-content\/uploads\/2020\/11\/foto-3-1-768x540.jpg 768w, https:\/\/doblesytriples.com.ar\/wp-content\/uploads\/2020\/11\/foto-3-1-1536x1080.jpg 1536w, https:\/\/doblesytriples.com.ar\/wp-content\/uploads\/2020\/11\/foto-3-1-2048x1440.jpg 2048w, https:\/\/doblesytriples.com.ar\/wp-content\/uploads\/2020\/11\/foto-3-1-128x90.jpg 128w, https:\/\/doblesytriples.com.ar\/wp-content\/uploads\/2020\/11\/foto-3-1-32x23.jpg 32w, https:\/\/doblesytriples.com.ar\/wp-content\/uploads\/2020\/11\/foto-3-1-356x250.jpg 356w, https:\/\/doblesytriples.com.ar\/wp-content\/uploads\/2020\/11\/foto-3-1-470x330.jpg 470w, https:\/\/doblesytriples.com.ar\/wp-content\/uploads\/2020\/11\/foto-3-1-70x49.jpg 70w, https:\/\/doblesytriples.com.ar\/wp-content\/uploads\/2020\/11\/foto-3-1-100x70.jpg 100w\" sizes=\"(max-width: 1024px) 100vw, 1024px\" \/><\/figure>\n","protected":false},"excerpt":{"rendered":"<p>El homenaje que naci\u00f3 desde los jugadores, de la Confederaci\u00f3n Argentina de B\u00e1squetbol (CABB) y que se materializ\u00f3 con la locuci\u00f3n de Fabricio Oberto,&#8230;<\/p>\n","protected":false},"author":2,"featured_media":5896,"comment_status":"open","ping_status":"open","sticky":false,"template":"","format":"standard","meta":[],"categories":[116,100,174,286],"tags":[717,719,197],"_links":{"self":[{"href":"https:\/\/doblesytriples.com.ar\/index.php?rest_route=\/wp\/v2\/posts\/5895"}],"collection":[{"href":"https:\/\/doblesytriples.com.ar\/index.php?rest_route=\/wp\/v2\/posts"}],"about":[{"href":"https:\/\/doblesytriples.com.ar\/index.php?rest_route=\/wp\/v2\/types\/post"}],"author":[{"embeddable":true,"href":"https:\/\/doblesytriples.com.ar\/index.php?rest_route=\/wp\/v2\/users\/2"}],"replies":[{"embeddable":true,"href":"https:\/\/doblesytriples.com.ar\/index.php?rest_route=%2Fwp%2Fv2%2Fcomments&post=5895"}],"version-history":[{"count":3,"href":"https:\/\/doblesytriples.com.ar\/index.php?rest_route=\/wp\/v2\/posts\/5895\/revisions"}],"predecessor-version":[{"id":5901,"href":"https:\/\/doblesytriples.com.ar\/index.php?rest_route=\/wp\/v2\/posts\/5895\/revisions\/5901"}],"wp:featuredmedia":[{"embeddable":true,"href":"https:\/\/doblesytriples.com.ar\/index.php?rest_route=\/wp\/v2\/media\/5896"}],"wp:attachment":[{"href":"https:\/\/doblesytriples.com.ar\/index.php?rest_route=%2Fwp%2Fv2%2Fmedia&parent=5895"}],"wp:term":[{"taxonomy":"category","embeddable":true,"href":"https:\/\/doblesytriples.com.ar\/index.php?rest_route=%2Fwp%2Fv2%2Fcategories&post=5895"},{"taxonomy":"post_tag","embeddable":true,"href":"https:\/\/doblesytriples.com.ar\/index.php?rest_route=%2Fwp%2Fv2%2Ftags&post=5895"}],"curies":[{"name":"wp","href":"https:\/\/api.w.org\/{rel}","templated":true}]}}