{"id":4370,"date":"2020-03-09T16:31:25","date_gmt":"2020-03-09T19:31:25","guid":{"rendered":"http:\/\/doblesytriples.com.ar\/?p=4370"},"modified":"2020-10-12T21:35:44","modified_gmt":"2020-10-13T00:35:44","slug":"cabanez-este-evento-fue-muy-innovador-porque-nos-acerco-a-la-gente","status":"publish","type":"post","link":"https:\/\/doblesytriples.com.ar\/?p=4370","title":{"rendered":"Caba\u00f1ez: \u201cEste evento fue muy innovador porque nos acerc\u00f3 a la gente\u201d"},"content":{"rendered":"\n<p>Una de las grandes figuras del\nClub Deportivo Berazategui, la escolta Celeste Caba\u00f1ez, disfrut\u00f3 a pleno del\nevento de inauguraci\u00f3n de la Liga Nacional Femenina: \u201cMe pareci\u00f3 innovador\nporque nos acerc\u00f3 a la gente\u201d, dijo, y agreg\u00f3 que \u201cesa interacci\u00f3n fue muy interesante\ny divertida, y es lo que nosotras queremos, que m\u00e1s nenas jueguen al b\u00e1squet\u201d.<\/p>\n\n\n\n<p>La escolta mendocina de 1.78\nmetro y 33 a\u00f1os, entrenadora y periodista tambi\u00e9n, admiti\u00f3 que \u201cestamos\nansiosas por empezar a competir\u201d y que el objetivo de Berazategui \u201ces siempre\nllegar a lo m\u00e1ximo posible\u201d.<\/p>\n\n\n\n<p><strong>\u00bfC\u00f3mo viviste este evento de lanzamiento de la liga en\nel D\u00eda de la Mujer?<\/strong><\/p>\n\n\n\n<p>Me pareci\u00f3 innovador, est\u00e1 bueno,\nporque los dem\u00e1s lanzamientos de la liga fueron m\u00e1s cerrados, s\u00f3lo para los\nequipos y las jugadoras. Este evento nos acerc\u00f3 a la gente, a las nenas que\njuegan, y est\u00e1 muy bueno, me gust\u00f3.<\/p>\n\n\n\n<p><strong>\u00bfQu\u00e9 te pareci\u00f3 esa interacci\u00f3n con la gente?<\/strong><\/p>\n\n\n\n<p>Fue muy interesante y aparte muy\ndivertido. Fue algo muy cercano, se atrajo a muchas nenas, y es lo que nosotras\nqueremos, que m\u00e1s nenas jueguen al b\u00e1squet.<\/p>\n\n\n\n<p><strong>\u00bfEst\u00e1n ansiosas por empezar a competir ya?<\/strong><\/p>\n\n\n\n<p>S\u00ed, estamos muy ansiosas,\nqueremos empezar a probar, a jugar\u2026 Ahora jugamos el partido por la SuperCopa\ncontra Quimsa, as\u00ed que estamos prepar\u00e1ndonos para eso a full y s\u00ed, ya queremos\nempezar.<\/p>\n\n\n\n<p><strong>\u00bfCu\u00e1l es el objetivo de Berazategui?<\/strong><\/p>\n\n\n\n<p>El objetivo es siempre llegar a\nlo m\u00e1ximo posible. Como siempre, como equipo, queremos llegar a hacer nuestro\njuego.<\/p>\n\n\n\n<p><strong>\u00bfY cu\u00e1l es el objetivo en lo personal?<\/strong><\/p>\n\n\n\n<p>En lo personal, seguir como hasta\nahora, yo vengo jugando hace a\u00f1os en el equipo, y quiero seguir dando lo mejor\nde m\u00ed dentro de lo que es mi rol para que al equipo le vaya bien.<\/p>\n\n\n\n<p><strong>Fotos:<\/strong> Sebasti\u00e1n Adaniya<\/p>\n\n\n\n<p><a href=\"mailto:sebastian.adaniya@doblesytriples.com.ar\">sebastian.adaniya@doblesytriples.com.ar<\/a><\/p>\n\n\n\n<p><strong>Audio de la Entrevista de doblesytriples a Celeste Caba\u00f1ez:<\/strong><\/p>\n\n\n<div style=\"width: 640px;\" class=\"wp-video\"><!--[if lt IE 9]><script>document.createElement('video');<\/script><![endif]-->\n<video class=\"wp-video-shortcode\" id=\"video-4370-1\" width=\"640\" height=\"360\" preload=\"metadata\" controls=\"controls\"><source type=\"video\/mp4\" src=\"http:\/\/doblesytriples.com.ar\/wp-content\/uploads\/2020\/03\/Audio-de-Celeste-Cabanez.mp4?_=1\" \/><a href=\"http:\/\/doblesytriples.com.ar\/wp-content\/uploads\/2020\/03\/Audio-de-Celeste-Cabanez.mp4\">http:\/\/doblesytriples.com.ar\/wp-content\/uploads\/2020\/03\/Audio-de-Celeste-Cabanez.mp4<\/a><\/video><\/div>\n\n\n<p><\/p>\n\n\n\n<figure class=\"wp-block-image\"><img loading=\"lazy\" width=\"1024\" height=\"768\" src=\"http:\/\/doblesytriples.com.ar\/wp-content\/uploads\/2020\/03\/Foto-3-1024x768.jpg\" alt=\"\" class=\"wp-image-4373\" srcset=\"https:\/\/doblesytriples.com.ar\/wp-content\/uploads\/2020\/03\/Foto-3-1024x768.jpg 1024w, https:\/\/doblesytriples.com.ar\/wp-content\/uploads\/2020\/03\/Foto-3-300x225.jpg 300w, https:\/\/doblesytriples.com.ar\/wp-content\/uploads\/2020\/03\/Foto-3-768x576.jpg 768w, https:\/\/doblesytriples.com.ar\/wp-content\/uploads\/2020\/03\/Foto-3-128x96.jpg 128w, https:\/\/doblesytriples.com.ar\/wp-content\/uploads\/2020\/03\/Foto-3-32x24.jpg 32w, https:\/\/doblesytriples.com.ar\/wp-content\/uploads\/2020\/03\/Foto-3-356x267.jpg 356w, https:\/\/doblesytriples.com.ar\/wp-content\/uploads\/2020\/03\/Foto-3-470x353.jpg 470w, https:\/\/doblesytriples.com.ar\/wp-content\/uploads\/2020\/03\/Foto-3-70x53.jpg 70w, https:\/\/doblesytriples.com.ar\/wp-content\/uploads\/2020\/03\/Foto-3-100x75.jpg 100w\" sizes=\"(max-width: 1024px) 100vw, 1024px\" \/><\/figure>\n\n\n\n<figure class=\"wp-block-image\"><img loading=\"lazy\" width=\"1024\" height=\"768\" src=\"http:\/\/doblesytriples.com.ar\/wp-content\/uploads\/2020\/03\/Foto-grupal-3-1024x768.jpg\" alt=\"\" class=\"wp-image-4374\" srcset=\"https:\/\/doblesytriples.com.ar\/wp-content\/uploads\/2020\/03\/Foto-grupal-3-1024x768.jpg 1024w, https:\/\/doblesytriples.com.ar\/wp-content\/uploads\/2020\/03\/Foto-grupal-3-300x225.jpg 300w, https:\/\/doblesytriples.com.ar\/wp-content\/uploads\/2020\/03\/Foto-grupal-3-768x576.jpg 768w, https:\/\/doblesytriples.com.ar\/wp-content\/uploads\/2020\/03\/Foto-grupal-3-128x96.jpg 128w, https:\/\/doblesytriples.com.ar\/wp-content\/uploads\/2020\/03\/Foto-grupal-3-32x24.jpg 32w, https:\/\/doblesytriples.com.ar\/wp-content\/uploads\/2020\/03\/Foto-grupal-3-356x267.jpg 356w, https:\/\/doblesytriples.com.ar\/wp-content\/uploads\/2020\/03\/Foto-grupal-3-470x353.jpg 470w, https:\/\/doblesytriples.com.ar\/wp-content\/uploads\/2020\/03\/Foto-grupal-3-70x53.jpg 70w, https:\/\/doblesytriples.com.ar\/wp-content\/uploads\/2020\/03\/Foto-grupal-3-100x75.jpg 100w\" sizes=\"(max-width: 1024px) 100vw, 1024px\" \/><\/figure>\n\n\n\n<figure class=\"wp-block-image\"><img loading=\"lazy\" width=\"1024\" height=\"682\" src=\"http:\/\/doblesytriples.com.ar\/wp-content\/uploads\/2020\/03\/Foto-grupal-1024x682.jpg\" alt=\"\" class=\"wp-image-4375\" srcset=\"https:\/\/doblesytriples.com.ar\/wp-content\/uploads\/2020\/03\/Foto-grupal.jpg 1024w, https:\/\/doblesytriples.com.ar\/wp-content\/uploads\/2020\/03\/Foto-grupal-300x200.jpg 300w, https:\/\/doblesytriples.com.ar\/wp-content\/uploads\/2020\/03\/Foto-grupal-768x512.jpg 768w, https:\/\/doblesytriples.com.ar\/wp-content\/uploads\/2020\/03\/Foto-grupal-128x85.jpg 128w, https:\/\/doblesytriples.com.ar\/wp-content\/uploads\/2020\/03\/Foto-grupal-32x21.jpg 32w, https:\/\/doblesytriples.com.ar\/wp-content\/uploads\/2020\/03\/Foto-grupal-356x237.jpg 356w, https:\/\/doblesytriples.com.ar\/wp-content\/uploads\/2020\/03\/Foto-grupal-470x313.jpg 470w, https:\/\/doblesytriples.com.ar\/wp-content\/uploads\/2020\/03\/Foto-grupal-70x47.jpg 70w, https:\/\/doblesytriples.com.ar\/wp-content\/uploads\/2020\/03\/Foto-grupal-100x67.jpg 100w\" sizes=\"(max-width: 1024px) 100vw, 1024px\" \/><\/figure>\n","protected":false},"excerpt":{"rendered":"<p>Una de las grandes figuras del Club Deportivo Berazategui, la escolta Celeste Caba\u00f1ez, disfrut\u00f3 a pleno del evento de inauguraci\u00f3n de la Liga Nacional&#8230;<\/p>\n","protected":false},"author":2,"featured_media":5193,"comment_status":"open","ping_status":"open","sticky":false,"template":"","format":"standard","meta":[],"categories":[137,389,100],"tags":[586,390],"_links":{"self":[{"href":"https:\/\/doblesytriples.com.ar\/index.php?rest_route=\/wp\/v2\/posts\/4370"}],"collection":[{"href":"https:\/\/doblesytriples.com.ar\/index.php?rest_route=\/wp\/v2\/posts"}],"about":[{"href":"https:\/\/doblesytriples.com.ar\/index.php?rest_route=\/wp\/v2\/types\/post"}],"author":[{"embeddable":true,"href":"https:\/\/doblesytriples.com.ar\/index.php?rest_route=\/wp\/v2\/users\/2"}],"replies":[{"embeddable":true,"href":"https:\/\/doblesytriples.com.ar\/index.php?rest_route=%2Fwp%2Fv2%2Fcomments&post=4370"}],"version-history":[{"count":2,"href":"https:\/\/doblesytriples.com.ar\/index.php?rest_route=\/wp\/v2\/posts\/4370\/revisions"}],"predecessor-version":[{"id":5196,"href":"https:\/\/doblesytriples.com.ar\/index.php?rest_route=\/wp\/v2\/posts\/4370\/revisions\/5196"}],"wp:featuredmedia":[{"embeddable":true,"href":"https:\/\/doblesytriples.com.ar\/index.php?rest_route=\/wp\/v2\/media\/5193"}],"wp:attachment":[{"href":"https:\/\/doblesytriples.com.ar\/index.php?rest_route=%2Fwp%2Fv2%2Fmedia&parent=4370"}],"wp:term":[{"taxonomy":"category","embeddable":true,"href":"https:\/\/doblesytriples.com.ar\/index.php?rest_route=%2Fwp%2Fv2%2Fcategories&post=4370"},{"taxonomy":"post_tag","embeddable":true,"href":"https:\/\/doblesytriples.com.ar\/index.php?rest_route=%2Fwp%2Fv2%2Ftags&post=4370"}],"curies":[{"name":"wp","href":"https:\/\/api.w.org\/{rel}","templated":true}]}}