{"id":4355,"date":"2020-03-09T10:58:30","date_gmt":"2020-03-09T13:58:30","guid":{"rendered":"http:\/\/doblesytriples.com.ar\/?p=4355"},"modified":"2020-03-09T16:35:56","modified_gmt":"2020-03-09T19:35:56","slug":"chiaia-y-sosa-el-ambiente-del-basquet-femenino-es-chico-nos-conocemos-todas","status":"publish","type":"post","link":"https:\/\/doblesytriples.com.ar\/?p=4355","title":{"rendered":"Chiaia y Sosa: \u201cEl ambiente del b\u00e1squet femenino es chico, nos conocemos todas\u201d"},"content":{"rendered":"\n<p>Justo en el D\u00eda de la Mujer, se llev\u00f3 a cabo en el coqueto Corredor de Vicente L\u00f3pez el evento de inauguraci\u00f3n de la Liga Femenina 2020, en un ambiente de felicidad y camarader\u00eda entre todas las participantes. Candela Chiaia \u2013ala pivote de 1.81 metro oriunda de San Vicente, que volvi\u00f3 a Tom\u00e1s de Rocamora-, y Malena Velasco Sosa \u2013MVP y campeona de la Liga de Desarrollo 2019 con V\u00e9lez Sarsfield-, son un fiel reflejo de lo que se vivi\u00f3 en la jornada, ya que son amigas desde hace muchos a\u00f1os y por eso las sonrisas y abrazos al encontrarse nuevamente, y la felicidad de saber que la liga contin\u00faa creciendo.<\/p>\n\n\n\n<p><strong>\u00bfQu\u00e9 les pareci\u00f3 este evento de inauguraci\u00f3n?<\/strong><\/p>\n\n\n\n<p><strong>Chiaia:<\/strong> Este evento sirve\nmucho para la difusi\u00f3n de la Liga Femenina, que cada vez est\u00e1 creciendo un poco\nm\u00e1s.<\/p>\n\n\n\n<p><strong>Sosa:<\/strong> Estamos muy\ncontentas de estar ac\u00e1, al igual que en el evento anterior. Hace 4 a\u00f1os que\nvenimos haciendo la liga, as\u00ed que estamos muy contentas por el progreso de\ntodos los equipos y porque dos equipos m\u00e1s se pudieron sumar para esta\ntemporada.<\/p>\n\n\n\n<p><strong>Se observa un ambiente de mucha camarader\u00eda desde\nafuera, se llevan bien, \u00bfno?<\/strong><\/p>\n\n\n\n<p><strong>Chiaia:<\/strong> La verdad es que\nes un \u00e1mbito chico el del b\u00e1squet femenino, nos conocemos todas, con Male somos\namigas hace varios a\u00f1os, compartimos un mont\u00f3n de cosas.<\/p>\n\n\n\n<p><strong>Sosa:<\/strong> S\u00ed, m\u00e1s que nada\npor los procesos de la Selecci\u00f3n, que se van haciendo tanto en las provincias\ncomo a nivel nacional y las amistades van quedando.<\/p>\n\n\n\n<p><strong>\u00bfC\u00f3mo esperan esta nueva edici\u00f3n, con m\u00e1s equipos\nparticipando?<\/strong><\/p>\n\n\n\n<p><strong>Chiaia:<\/strong> La verdad es que\nme parece genial, cuantos m\u00e1s equipos haya, m\u00e1s jugadoras tienen la oportunidad\nde estar ac\u00e1, que haya una \u201crepartija\u201d de jugadoras por varios clubes y que no\nse centre todo en un club solamente, que haya m\u00e1s competencia y que sea todo\nm\u00e1s parejo.<\/p>\n\n\n\n<p><strong>Sosa:<\/strong> Sirve m\u00e1s que\nnada para levantar la vara, levantar el nivel y que la liga argentina femenina\nsea m\u00e1s visible y que tenga m\u00e1s difusi\u00f3n.<\/p>\n\n\n\n<p><strong>\u00bfCu\u00e1les son los objetivos de Rocamora y de V\u00e9lez para\nesta temporada?<\/strong><\/p>\n\n\n\n<p><strong>Chiaia:<\/strong> El objetivo de\nRocamora es estar a la altura de todos los partidos, dar todo, ser intensas\u2026<\/p>\n\n\n\n<p><strong>Sosa:<\/strong> Nosotras vamos a\ntratar de llegar, como m\u00ednimo, al mismo lugar que el a\u00f1o pasado, que pudimos\njugar la final y que la perdimos en un triple suplementario\u2026 Este a\u00f1o queremos\nllegar a la final otra vez y poder ganarla.<\/p>\n\n\n\n<p><strong>Fotos:<\/strong> Sebasti\u00e1n Adaniya<\/p>\n\n\n\n<p><a href=\"mailto:sebastian.adaniya@doblesytriples.com.ar\">sebastian.adaniya@doblesytriples.com.ar<\/a><\/p>\n\n\n\n<p><strong>Audio de la Entrevista de doblesytriples con Candela Chiaia y Malena Velasco Sosa:<\/strong><\/p>\n\n\n<div style=\"width: 640px;\" class=\"wp-video\"><!--[if lt IE 9]><script>document.createElement('video');<\/script><![endif]-->\n<video class=\"wp-video-shortcode\" id=\"video-4355-1\" width=\"640\" height=\"360\" preload=\"metadata\" controls=\"controls\"><source type=\"video\/mp4\" src=\"http:\/\/doblesytriples.com.ar\/wp-content\/uploads\/2020\/03\/Audio-de-Chiaia-y-Sosa.mp4?_=1\" \/><a href=\"http:\/\/doblesytriples.com.ar\/wp-content\/uploads\/2020\/03\/Audio-de-Chiaia-y-Sosa.mp4\">http:\/\/doblesytriples.com.ar\/wp-content\/uploads\/2020\/03\/Audio-de-Chiaia-y-Sosa.mp4<\/a><\/video><\/div>\n\n\n<p><\/p>\n\n\n\n<figure class=\"wp-block-image\"><img loading=\"lazy\" width=\"768\" height=\"1024\" src=\"http:\/\/doblesytriples.com.ar\/wp-content\/uploads\/2020\/03\/Sosa-Malena-y-Chiaia-Candela-1-ph-2-768x1024.jpg\" alt=\"\" class=\"wp-image-4358\" srcset=\"https:\/\/doblesytriples.com.ar\/wp-content\/uploads\/2020\/03\/Sosa-Malena-y-Chiaia-Candela-1-ph-2-768x1024.jpg 768w, https:\/\/doblesytriples.com.ar\/wp-content\/uploads\/2020\/03\/Sosa-Malena-y-Chiaia-Candela-1-ph-2-225x300.jpg 225w, https:\/\/doblesytriples.com.ar\/wp-content\/uploads\/2020\/03\/Sosa-Malena-y-Chiaia-Candela-1-ph-2-96x128.jpg 96w, https:\/\/doblesytriples.com.ar\/wp-content\/uploads\/2020\/03\/Sosa-Malena-y-Chiaia-Candela-1-ph-2-24x32.jpg 24w, https:\/\/doblesytriples.com.ar\/wp-content\/uploads\/2020\/03\/Sosa-Malena-y-Chiaia-Candela-1-ph-2-300x400.jpg 300w, https:\/\/doblesytriples.com.ar\/wp-content\/uploads\/2020\/03\/Sosa-Malena-y-Chiaia-Candela-1-ph-2-435x580.jpg 435w, https:\/\/doblesytriples.com.ar\/wp-content\/uploads\/2020\/03\/Sosa-Malena-y-Chiaia-Candela-1-ph-2-53x70.jpg 53w, https:\/\/doblesytriples.com.ar\/wp-content\/uploads\/2020\/03\/Sosa-Malena-y-Chiaia-Candela-1-ph-2-75x100.jpg 75w\" sizes=\"(max-width: 768px) 100vw, 768px\" \/><\/figure>\n","protected":false},"excerpt":{"rendered":"<p>Justo en el D\u00eda de la Mujer, se llev\u00f3 a cabo en el coqueto Corredor de Vicente L\u00f3pez el evento de inauguraci\u00f3n de la&#8230;<\/p>\n","protected":false},"author":2,"featured_media":4359,"comment_status":"open","ping_status":"open","sticky":false,"template":"","format":"standard","meta":[],"categories":[137,389,100],"tags":[583,584],"_links":{"self":[{"href":"https:\/\/doblesytriples.com.ar\/index.php?rest_route=\/wp\/v2\/posts\/4355"}],"collection":[{"href":"https:\/\/doblesytriples.com.ar\/index.php?rest_route=\/wp\/v2\/posts"}],"about":[{"href":"https:\/\/doblesytriples.com.ar\/index.php?rest_route=\/wp\/v2\/types\/post"}],"author":[{"embeddable":true,"href":"https:\/\/doblesytriples.com.ar\/index.php?rest_route=\/wp\/v2\/users\/2"}],"replies":[{"embeddable":true,"href":"https:\/\/doblesytriples.com.ar\/index.php?rest_route=%2Fwp%2Fv2%2Fcomments&post=4355"}],"version-history":[{"count":1,"href":"https:\/\/doblesytriples.com.ar\/index.php?rest_route=\/wp\/v2\/posts\/4355\/revisions"}],"predecessor-version":[{"id":4360,"href":"https:\/\/doblesytriples.com.ar\/index.php?rest_route=\/wp\/v2\/posts\/4355\/revisions\/4360"}],"wp:featuredmedia":[{"embeddable":true,"href":"https:\/\/doblesytriples.com.ar\/index.php?rest_route=\/wp\/v2\/media\/4359"}],"wp:attachment":[{"href":"https:\/\/doblesytriples.com.ar\/index.php?rest_route=%2Fwp%2Fv2%2Fmedia&parent=4355"}],"wp:term":[{"taxonomy":"category","embeddable":true,"href":"https:\/\/doblesytriples.com.ar\/index.php?rest_route=%2Fwp%2Fv2%2Fcategories&post=4355"},{"taxonomy":"post_tag","embeddable":true,"href":"https:\/\/doblesytriples.com.ar\/index.php?rest_route=%2Fwp%2Fv2%2Ftags&post=4355"}],"curies":[{"name":"wp","href":"https:\/\/api.w.org\/{rel}","templated":true}]}}