{"id":3707,"date":"2019-10-15T13:32:41","date_gmt":"2019-10-15T16:32:41","guid":{"rendered":"http:\/\/doblesytriples.com.ar\/?p=3707"},"modified":"2019-10-15T13:32:50","modified_gmt":"2019-10-15T16:32:50","slug":"narvarte-vamos-encontrando-el-equilibrio-pero-el-camino-es-dificil","status":"publish","type":"post","link":"https:\/\/doblesytriples.com.ar\/?p=3707","title":{"rendered":"Narvarte: \u201cVamos encontrando el equilibrio, pero el camino es dif\u00edcil\u201d"},"content":{"rendered":"\n<p>Luego\ndel triunfo de Boca Juniors en doble tiempo suplementario frente a Gimnasia de\nComodoro Rivadavia por 99-94, el entrenador Guillermo Narvarte reconoci\u00f3 que \u201cestamos\ncontentos porque ganamos\u201d, y admiti\u00f3 que \u201cde a poco, vamos encontrando el\nequilibrio, pero el camino es dif\u00edcil\u201d. El conjunto xeneize mantuvo la base que\nviene de hacer una excelente temporada, incorpor\u00f3 a los experimentados Mart\u00edn Leiva\ny Federico Aguerre, \u201cpero el tema es que no tenemos reemplazo para Jasiel\nRivero\u201d, dice Narvarte, \u201cas\u00ed que tenemos que empezar a construir de nuevo\u201d. La\ntemporada es larga y desgastante, por lo que el DT oriundo de Mar del Plata afirma\nque \u201ctrabajamos para llegar preparados como equipo, f\u00edsica y mentalmente al mes\nde Marzo, que es el momento definitorio\u201d de la competencia.<\/p>\n\n\n\n<p><strong>\u00bfQu\u00e9 sensaciones te dej\u00f3 el triunfo de Boca sobre\nGimnasia de Comodoro Rivadavia en doble tiempo suplementario?<\/strong><\/p>\n\n\n\n<p>Estamos\ncontentos porque ganamos. Nosotros estamos en una pretemporada activa, por\nponerle un nombre. Nuestra pretemporada no fue buena, con muchos problemas\u2026\nEstamos incorporando jugadores ya dentro de la competencia, como Mart\u00edn Leiva,\nque lleg\u00f3 2 d\u00edas antes del inicio del S\u00faper 20. A Fede Aguerre hoy lo tuvimos\nque poner y, por c\u00f3mo se dio el partido, jug\u00f3 27 minutos. Ale Konzstadt tuvo un\ndesgarro y estuvo 20 d\u00edas parado, Mat\u00edas Sandes tambi\u00e9n se est\u00e1 recuperando de\nalgunas \u201ccositas\u201d\u2026 Es como que si bien hay memoria colectiva, no estamos a\ntope. No es malo igual, yo no quiero estar a tope en este momento de la\ntemporada. Hoy estamos trabajando muchas cosas para el equipo, no para la\ncompetencia del S\u00faper 20 en s\u00ed. Porque si nosotros dejamos pasar este mes,\ndespu\u00e9s va a empezar la Liga, y lo que no hagas en la pretemporada, despu\u00e9s te\ncuesta el doble. Entonces tuvimos 10 minutos m\u00e1s de juego (por los 2 tiempos\nsuplementarios), y el hecho de poder competir contra un rival importante como\nGimnasia de Comodoro Rivadavia, nos sirvi\u00f3 para medirnos. Me gust\u00f3 mucho el\nprimer tiempo que hicimos, no se vio reflejado en el score pero creo que fuimos\nmejores. En el segundo tiempo fue un sube y baja, influy\u00f3 el desgaste f\u00edsico\ntambi\u00e9n. En definitiva, estamos dentro de la competencia, nos toc\u00f3 una zona\ndura, pero tambi\u00e9n hay que tomar al S\u00faper 20 con relatividad porque vos jug\u00e1s\ncontra 4 equipos de la Liga, y esto es una Liga de 20\u2026 Estamos en un momento\nduro en el club, se est\u00e1 viviendo un momento clave para su vida deportiva. Este\nes un club de f\u00fatbol. Se viene la semifinal de la Copa Libertadores, las\nelecciones, el pa\u00eds est\u00e1 viviendo un momento dif\u00edcil\u2026 Y todo se relaciona con\ntodo. Tuvimos rendimientos mejores que los del fin de semana pasado,\ncolectivamente estamos un poquito mejor. El equipo ha cambiado de la temporada\npasada, con la llegada de Mart\u00edn (Leiva) y de Fede (Aguerre) tenemos que\nacostumbrarnos a otro tipo de referencia.<\/p>\n\n\n\n<p><strong>El hecho de haber mantenido la base del equipo que viene\nde hacer una excelente temporada, \u00bfles permite so\u00f1ar?<\/strong><\/p>\n\n\n\n<p>Tomamos\nla base, creo que hemos mejorado con la llegada de Mart\u00edn y Fede, el tema es\nque no tenemos el reemplazo de Jasiel (Rivero, que volvi\u00f3 al San Pablo Burgos\nde Espa\u00f1a). Ellos nos dan equilibrio por otro lado. As\u00ed que tenemos que empezar\na construir de nuevo. Mart\u00edn nos da una referencia interior importante,\ndefensiva y ofensivamente. Fede nos da una alternativa que el a\u00f1o pasado no\nten\u00edamos, lo que pasa es que al anotador en el juego interno, que era Jasiel,\nhoy no lo tenemos. Entonces tenemos que buscar cosas por otro lado. Adri\u00e1n\n(Boccia) para nosotros es muy importante, lo mismo Ale (Konzstadt), que ha\nlevantado su nivel, Eric (Flor) sigue creciendo\u2026 Los chicos tambi\u00e9n, Bruno Sansimoni\ntuvo hoy un buen ingreso y es un Sub 23, Lucas (Gargallo) sigue creciendo,\nAgust\u00edn Facello est\u00e1 dentro de la rotaci\u00f3n. De a poquito vamos encontrando el\nequilibrio como equipo, ojal\u00e1 podamos hacerlo m\u00e1s r\u00e1pido, pero el camino es\ndif\u00edcil.<\/p>\n\n\n\n<p><strong>\u00bfPuede ser que hay una tendencia en la Liga a tener m\u00e1s\nen cuenta a los jugadores nacionales y no fijarse tanto en los extranjeros?<\/strong><\/p>\n\n\n\n<p>Hay\nuna realidad econ\u00f3mica. La Liga ha sufrido mucho. No llevo la cuenta, pero creo\nque hay entre 15 y 20 jugadores que han emigrado. A lo mejor no s\u00e9 si eran\njugadores top, pero s\u00ed que estaban de la media para arriba. Y algunos jugadores\nmuy importantes, como Lucas Faggiano por dar un ejemplo. Otros han emigrado a\nEuropa. Tambi\u00e9n el nivel econ\u00f3mico ha bajado, entonces la calidad de las\nimportaciones es de menor nivel. Eso tambi\u00e9n perjudica, esta es una Liga muy dura,\nno s\u00f3lo por el nivel de juego, sino tambi\u00e9n por la vor\u00e1gine, la frecuencia de\nlos juegos. Entonces ac\u00e1 hay una preparaci\u00f3n que no solamente es t\u00e1ctica, sino\nque tambi\u00e9n es f\u00edsica y mental porque hay un desgaste, y la Liga Nacional es\nsumamente larga. El momento importante y definitorio de la competencia es all\u00e1\npor el mes de Marzo, por lo que es decisivo estar bien en ese momento, estar preparados\ncomo equipo, preparados f\u00edsicamente y preparados mentalmente.<\/p>\n\n\n\n<p><strong>Fotos:<\/strong> Sebasti\u00e1n Adaniya<\/p>\n\n\n\n<p><a href=\"mailto:sebastian.adaniya@doblesytriples.com.ar\">sebastian.adaniya@doblesytriples.com.ar<\/a><\/p>\n\n\n\n<p><strong>Audio de la entrevista de doblesytriples.com.ar a Guillermo Narvarte<\/strong><\/p>\n\n\n<div style=\"width: 640px;\" class=\"wp-video\"><!--[if lt IE 9]><script>document.createElement('video');<\/script><![endif]-->\n<video class=\"wp-video-shortcode\" id=\"video-3707-1\" width=\"640\" height=\"360\" preload=\"metadata\" controls=\"controls\"><source type=\"video\/mp4\" src=\"http:\/\/doblesytriples.com.ar\/wp-content\/uploads\/2019\/10\/Audio-de-Guillermo-Narvarte.mp4?_=1\" \/><a href=\"http:\/\/doblesytriples.com.ar\/wp-content\/uploads\/2019\/10\/Audio-de-Guillermo-Narvarte.mp4\">http:\/\/doblesytriples.com.ar\/wp-content\/uploads\/2019\/10\/Audio-de-Guillermo-Narvarte.mp4<\/a><\/video><\/div>\n\n\n<p><\/p>\n\n\n\n<figure class=\"wp-block-image\"><img loading=\"lazy\" width=\"768\" height=\"1024\" src=\"http:\/\/doblesytriples.com.ar\/wp-content\/uploads\/2019\/10\/Narvarte-Guillermo-ph-2-768x1024.jpg\" alt=\"\" class=\"wp-image-3710\" srcset=\"https:\/\/doblesytriples.com.ar\/wp-content\/uploads\/2019\/10\/Narvarte-Guillermo-ph-2-768x1024.jpg 768w, https:\/\/doblesytriples.com.ar\/wp-content\/uploads\/2019\/10\/Narvarte-Guillermo-ph-2-225x300.jpg 225w, https:\/\/doblesytriples.com.ar\/wp-content\/uploads\/2019\/10\/Narvarte-Guillermo-ph-2-96x128.jpg 96w, https:\/\/doblesytriples.com.ar\/wp-content\/uploads\/2019\/10\/Narvarte-Guillermo-ph-2-24x32.jpg 24w, https:\/\/doblesytriples.com.ar\/wp-content\/uploads\/2019\/10\/Narvarte-Guillermo-ph-2-300x400.jpg 300w, https:\/\/doblesytriples.com.ar\/wp-content\/uploads\/2019\/10\/Narvarte-Guillermo-ph-2-435x580.jpg 435w, https:\/\/doblesytriples.com.ar\/wp-content\/uploads\/2019\/10\/Narvarte-Guillermo-ph-2-53x70.jpg 53w, https:\/\/doblesytriples.com.ar\/wp-content\/uploads\/2019\/10\/Narvarte-Guillermo-ph-2-75x100.jpg 75w\" sizes=\"(max-width: 768px) 100vw, 768px\" \/><\/figure>\n\n\n\n<figure class=\"wp-block-image\"><img loading=\"lazy\" width=\"1024\" height=\"768\" src=\"http:\/\/doblesytriples.com.ar\/wp-content\/uploads\/2019\/10\/Narvarte-Guillermo-1-1024x768.jpg\" alt=\"\" class=\"wp-image-3711\" srcset=\"https:\/\/doblesytriples.com.ar\/wp-content\/uploads\/2019\/10\/Narvarte-Guillermo-1-1024x768.jpg 1024w, https:\/\/doblesytriples.com.ar\/wp-content\/uploads\/2019\/10\/Narvarte-Guillermo-1-300x225.jpg 300w, https:\/\/doblesytriples.com.ar\/wp-content\/uploads\/2019\/10\/Narvarte-Guillermo-1-768x576.jpg 768w, https:\/\/doblesytriples.com.ar\/wp-content\/uploads\/2019\/10\/Narvarte-Guillermo-1-128x96.jpg 128w, https:\/\/doblesytriples.com.ar\/wp-content\/uploads\/2019\/10\/Narvarte-Guillermo-1-32x24.jpg 32w, https:\/\/doblesytriples.com.ar\/wp-content\/uploads\/2019\/10\/Narvarte-Guillermo-1-356x267.jpg 356w, https:\/\/doblesytriples.com.ar\/wp-content\/uploads\/2019\/10\/Narvarte-Guillermo-1-470x353.jpg 470w, https:\/\/doblesytriples.com.ar\/wp-content\/uploads\/2019\/10\/Narvarte-Guillermo-1-70x53.jpg 70w, https:\/\/doblesytriples.com.ar\/wp-content\/uploads\/2019\/10\/Narvarte-Guillermo-1-100x75.jpg 100w\" sizes=\"(max-width: 1024px) 100vw, 1024px\" \/><\/figure>\n\n\n\n<figure class=\"wp-block-image\"><img loading=\"lazy\" width=\"1024\" height=\"768\" src=\"http:\/\/doblesytriples.com.ar\/wp-content\/uploads\/2019\/10\/Narvarte-Gullermo-2-1024x768.jpg\" alt=\"\" class=\"wp-image-3712\" srcset=\"https:\/\/doblesytriples.com.ar\/wp-content\/uploads\/2019\/10\/Narvarte-Gullermo-2-1024x768.jpg 1024w, https:\/\/doblesytriples.com.ar\/wp-content\/uploads\/2019\/10\/Narvarte-Gullermo-2-300x225.jpg 300w, https:\/\/doblesytriples.com.ar\/wp-content\/uploads\/2019\/10\/Narvarte-Gullermo-2-768x576.jpg 768w, https:\/\/doblesytriples.com.ar\/wp-content\/uploads\/2019\/10\/Narvarte-Gullermo-2-128x96.jpg 128w, https:\/\/doblesytriples.com.ar\/wp-content\/uploads\/2019\/10\/Narvarte-Gullermo-2-32x24.jpg 32w, https:\/\/doblesytriples.com.ar\/wp-content\/uploads\/2019\/10\/Narvarte-Gullermo-2-356x267.jpg 356w, https:\/\/doblesytriples.com.ar\/wp-content\/uploads\/2019\/10\/Narvarte-Gullermo-2-470x353.jpg 470w, https:\/\/doblesytriples.com.ar\/wp-content\/uploads\/2019\/10\/Narvarte-Gullermo-2-70x53.jpg 70w, https:\/\/doblesytriples.com.ar\/wp-content\/uploads\/2019\/10\/Narvarte-Gullermo-2-100x75.jpg 100w\" sizes=\"(max-width: 1024px) 100vw, 1024px\" \/><\/figure>\n","protected":false},"excerpt":{"rendered":"<p>Luego del triunfo de Boca Juniors en doble tiempo suplementario frente a Gimnasia de Comodoro Rivadavia por 99-94, el entrenador Guillermo Narvarte reconoci\u00f3 que&#8230;<\/p>\n","protected":false},"author":2,"featured_media":3708,"comment_status":"open","ping_status":"open","sticky":false,"template":"","format":"standard","meta":[],"categories":[137,100],"tags":[205,508],"_links":{"self":[{"href":"https:\/\/doblesytriples.com.ar\/index.php?rest_route=\/wp\/v2\/posts\/3707"}],"collection":[{"href":"https:\/\/doblesytriples.com.ar\/index.php?rest_route=\/wp\/v2\/posts"}],"about":[{"href":"https:\/\/doblesytriples.com.ar\/index.php?rest_route=\/wp\/v2\/types\/post"}],"author":[{"embeddable":true,"href":"https:\/\/doblesytriples.com.ar\/index.php?rest_route=\/wp\/v2\/users\/2"}],"replies":[{"embeddable":true,"href":"https:\/\/doblesytriples.com.ar\/index.php?rest_route=%2Fwp%2Fv2%2Fcomments&post=3707"}],"version-history":[{"count":1,"href":"https:\/\/doblesytriples.com.ar\/index.php?rest_route=\/wp\/v2\/posts\/3707\/revisions"}],"predecessor-version":[{"id":3713,"href":"https:\/\/doblesytriples.com.ar\/index.php?rest_route=\/wp\/v2\/posts\/3707\/revisions\/3713"}],"wp:featuredmedia":[{"embeddable":true,"href":"https:\/\/doblesytriples.com.ar\/index.php?rest_route=\/wp\/v2\/media\/3708"}],"wp:attachment":[{"href":"https:\/\/doblesytriples.com.ar\/index.php?rest_route=%2Fwp%2Fv2%2Fmedia&parent=3707"}],"wp:term":[{"taxonomy":"category","embeddable":true,"href":"https:\/\/doblesytriples.com.ar\/index.php?rest_route=%2Fwp%2Fv2%2Fcategories&post=3707"},{"taxonomy":"post_tag","embeddable":true,"href":"https:\/\/doblesytriples.com.ar\/index.php?rest_route=%2Fwp%2Fv2%2Ftags&post=3707"}],"curies":[{"name":"wp","href":"https:\/\/api.w.org\/{rel}","templated":true}]}}