{"id":3347,"date":"2019-08-30T07:02:29","date_gmt":"2019-08-30T10:02:29","guid":{"rendered":"http:\/\/doblesytriples.com.ar\/?p=3347"},"modified":"2019-08-30T07:02:32","modified_gmt":"2019-08-30T10:02:32","slug":"la-jugadora-del-dia-juste-jocyte","status":"publish","type":"post","link":"https:\/\/doblesytriples.com.ar\/?p=3347","title":{"rendered":"La Jugadora del D\u00eda: Juste Jocyte"},"content":{"rendered":"\n<p>De\ntan s\u00f3lo 13 a\u00f1os, Juste Jocyte gui\u00f3 a Lituania en la victoria sobre Francia,\nque clasific\u00f3 a su selecci\u00f3n para la final del Europeo U16, frente a Rusia.\nJocyte juega de base, mide 1.84 metro, sum\u00f3 20 puntos y 15 rebotes en la semifinal,\ny es una firme candidata al MVP del torneo que se est\u00e1 jugando en Skopje,\nMacedonia, en el que promedia 17.3 puntos, 8.3 rebotes y 2 asistencias. Jocyte\njuega en un equipo de su pa\u00eds, y es una de las grandes sensaciones del\nb\u00e1squetbol femenino.<\/p>\n\n\n\n<p><strong>Fuente:<\/strong> @FIBA; @Musukrepsinis<\/p>\n\n\n\n<p><a href=\"mailto:sebastian.adaniya@doblesytriples.com.ar\">sebastian.adaniya@doblesytriples.com.ar<\/a><\/p>\n\n\n\n<p><\/p>\n\n\n\n<figure class=\"wp-block-embed-twitter wp-block-embed is-type-rich is-provider-twitter\"><div class=\"wp-block-embed__wrapper\">\nhttps:\/\/twitter.com\/i\/status\/1167346821678678017\n<\/div><\/figure>\n\n\n\n<figure class=\"wp-block-image\"><img loading=\"lazy\" width=\"680\" height=\"454\" src=\"http:\/\/doblesytriples.com.ar\/wp-content\/uploads\/2019\/08\/Lituania-festejo.jpg\" alt=\"\" class=\"wp-image-3349\" srcset=\"https:\/\/doblesytriples.com.ar\/wp-content\/uploads\/2019\/08\/Lituania-festejo.jpg 680w, https:\/\/doblesytriples.com.ar\/wp-content\/uploads\/2019\/08\/Lituania-festejo-300x200.jpg 300w, https:\/\/doblesytriples.com.ar\/wp-content\/uploads\/2019\/08\/Lituania-festejo-128x85.jpg 128w, https:\/\/doblesytriples.com.ar\/wp-content\/uploads\/2019\/08\/Lituania-festejo-32x21.jpg 32w, https:\/\/doblesytriples.com.ar\/wp-content\/uploads\/2019\/08\/Lituania-festejo-356x238.jpg 356w, https:\/\/doblesytriples.com.ar\/wp-content\/uploads\/2019\/08\/Lituania-festejo-470x314.jpg 470w, https:\/\/doblesytriples.com.ar\/wp-content\/uploads\/2019\/08\/Lituania-festejo-70x47.jpg 70w, https:\/\/doblesytriples.com.ar\/wp-content\/uploads\/2019\/08\/Lituania-festejo-100x67.jpg 100w\" sizes=\"(max-width: 680px) 100vw, 680px\" \/><\/figure>\n","protected":false},"excerpt":{"rendered":"<p>De tan s\u00f3lo 13 a\u00f1os, Juste Jocyte gui\u00f3 a Lituania en la victoria sobre Francia, que clasific\u00f3 a su selecci\u00f3n para la final del&#8230;<\/p>\n","protected":false},"author":2,"featured_media":3348,"comment_status":"open","ping_status":"open","sticky":false,"template":"","format":"standard","meta":[],"categories":[371,116,389],"tags":[457,458],"_links":{"self":[{"href":"https:\/\/doblesytriples.com.ar\/index.php?rest_route=\/wp\/v2\/posts\/3347"}],"collection":[{"href":"https:\/\/doblesytriples.com.ar\/index.php?rest_route=\/wp\/v2\/posts"}],"about":[{"href":"https:\/\/doblesytriples.com.ar\/index.php?rest_route=\/wp\/v2\/types\/post"}],"author":[{"embeddable":true,"href":"https:\/\/doblesytriples.com.ar\/index.php?rest_route=\/wp\/v2\/users\/2"}],"replies":[{"embeddable":true,"href":"https:\/\/doblesytriples.com.ar\/index.php?rest_route=%2Fwp%2Fv2%2Fcomments&post=3347"}],"version-history":[{"count":1,"href":"https:\/\/doblesytriples.com.ar\/index.php?rest_route=\/wp\/v2\/posts\/3347\/revisions"}],"predecessor-version":[{"id":3350,"href":"https:\/\/doblesytriples.com.ar\/index.php?rest_route=\/wp\/v2\/posts\/3347\/revisions\/3350"}],"wp:featuredmedia":[{"embeddable":true,"href":"https:\/\/doblesytriples.com.ar\/index.php?rest_route=\/wp\/v2\/media\/3348"}],"wp:attachment":[{"href":"https:\/\/doblesytriples.com.ar\/index.php?rest_route=%2Fwp%2Fv2%2Fmedia&parent=3347"}],"wp:term":[{"taxonomy":"category","embeddable":true,"href":"https:\/\/doblesytriples.com.ar\/index.php?rest_route=%2Fwp%2Fv2%2Fcategories&post=3347"},{"taxonomy":"post_tag","embeddable":true,"href":"https:\/\/doblesytriples.com.ar\/index.php?rest_route=%2Fwp%2Fv2%2Ftags&post=3347"}],"curies":[{"name":"wp","href":"https:\/\/api.w.org\/{rel}","templated":true}]}}