{"id":3314,"date":"2019-08-28T06:47:52","date_gmt":"2019-08-28T09:47:52","guid":{"rendered":"http:\/\/doblesytriples.com.ar\/?p=3314"},"modified":"2020-10-13T09:22:51","modified_gmt":"2020-10-13T12:22:51","slug":"gabriel-fernandez-los-jugadores-tienen-una-muy-buena-quimica","status":"publish","type":"post","link":"https:\/\/doblesytriples.com.ar\/?p=3314","title":{"rendered":"Gabriel Fern\u00e1ndez: \u201cLos jugadores tienen una muy buena qu\u00edmica\u201d"},"content":{"rendered":"\n<p>Se\ntrata de una voz m\u00e1s que autorizada para hablar de la Selecci\u00f3n Argentina, ya\nque Gabriel Fern\u00e1ndez obtuvo la medalla de oro en los Juegos Ol\u00edmpicos de\nAtenas 2004 y fue subcamep\u00f3n mundial en Indian\u00e1polis 2002. El ex pivote con\ngran tiro externo de 2.04 metros asegur\u00f3 que \u201cel equipo est\u00e1 muy bien, con\nmucha din\u00e1mica, los jugadores tienen una muy buena qu\u00edmica y eso los va a\npotenciar en el Mundial\u201d. Tambi\u00e9n reconoci\u00f3 que \u201cla principal debilidad del\nseleccionado es, como siempre, la falta de un jugador alto en la pintura\u201d.<\/p>\n\n\n\n<p><strong>\u00bfCu\u00e1les son las fortalezas de la Selecci\u00f3n Argentina de\ncara al Mundial de China?<\/strong><\/p>\n\n\n\n<p>Veo\nmuy bien al equipo, con mucha din\u00e1mica. Los jugadores tienen una muy buena\nqu\u00edmica, y eso los va a potenciar en el Mundial.<\/p>\n\n\n\n<p><strong>\u00bfY cu\u00e1les cre\u00e9s que son las debilidades del equipo?<\/strong><\/p>\n\n\n\n<p>Hoy\nal b\u00e1quet se est\u00e1 jugando diferente, nos est\u00e1 faltando un jugador m\u00e1s grande en\nla pintura, como siempre. Hay que ver si los dem\u00e1s equipos van a querer sacar\nuna ventaja sobre eso porque justamente hoy se est\u00e1 jugando diferente. Tenemos\njugadores externos muy altos, r\u00e1pidos, fuertes, muy atl\u00e9ticos. La principal\ndebilidad es la falta de un jugador alto en la pintura.<\/p>\n\n\n\n<p><strong>\u00bfCon el paso del tiempo se agiganta m\u00e1s el recuerdo de la\nGeneraci\u00f3n Dorada a la que perteneciste?<\/strong><\/p>\n\n\n\n<p>S\u00ed,\nyo creo que fue una sincronizaci\u00f3n perfecta de varios jugadores en un muy buen\nmomento, y un equipo que supo sacar las virtudes de cada uno, dejando de lado\nlos egos. Hoy eso en nuestro pa\u00eds no est\u00e1 pasando en ning\u00fan \u00e1mbito. En esos\na\u00f1os ese grupo lo supo hacer, esperemos que en el b\u00e1squet, que es lo que nos\ngusta y nos apasiona, se pueda volver a repetir pronto.<\/p>\n\n\n\n<p><strong>\u00bfC\u00f3mo ves a la Liga Nacional? \u00bfTe gusta, la segu\u00eds?<\/strong><\/p>\n\n\n\n<p>Seguimos\nsacando buenos jugadores. Me gustar\u00eda ver m\u00e1s argentinos jugando en la Liga\nNacional y no tantos extranjeros. Hay extranjeros que vienen por poco dinero y\neso les ayuda a los equipos para ser m\u00e1s competitivos. Hay que ver qu\u00e9 pasa, quiz\u00e1s\nse modifique pronto.<\/p>\n\n\n\n<p><strong>Foto:<\/strong> Sebasti\u00e1n Adaniya<\/p>\n\n\n\n<p><a href=\"mailto:sebastian.adaniya@doblesytriples.com.ar\">sebastian.adaniya@doblesytriples.com.ar<\/a><\/p>\n\n\n\n<p><strong>Audio de la Entrevista de doblesytriples.com.ar a Gabriel Fern\u00e1ndez:<\/strong><\/p>\n\n\n<div style=\"width: 640px;\" class=\"wp-video\"><!--[if lt IE 9]><script>document.createElement('video');<\/script><![endif]-->\n<video class=\"wp-video-shortcode\" id=\"video-3314-1\" width=\"640\" height=\"360\" preload=\"metadata\" controls=\"controls\"><source type=\"video\/mp4\" src=\"http:\/\/doblesytriples.com.ar\/wp-content\/uploads\/2019\/08\/Audio-de-Gabriel-Fernandez.mp4?_=1\" \/><a href=\"http:\/\/doblesytriples.com.ar\/wp-content\/uploads\/2019\/08\/Audio-de-Gabriel-Fernandez.mp4\">http:\/\/doblesytriples.com.ar\/wp-content\/uploads\/2019\/08\/Audio-de-Gabriel-Fernandez.mp4<\/a><\/video><\/div>","protected":false},"excerpt":{"rendered":"<p>Se trata de una voz m\u00e1s que autorizada para hablar de la Selecci\u00f3n Argentina, ya que Gabriel Fern\u00e1ndez obtuvo la medalla de oro en&#8230;<\/p>\n","protected":false},"author":2,"featured_media":5367,"comment_status":"open","ping_status":"open","sticky":false,"template":"","format":"standard","meta":[],"categories":[137,116,286],"tags":[453,210,197],"_links":{"self":[{"href":"https:\/\/doblesytriples.com.ar\/index.php?rest_route=\/wp\/v2\/posts\/3314"}],"collection":[{"href":"https:\/\/doblesytriples.com.ar\/index.php?rest_route=\/wp\/v2\/posts"}],"about":[{"href":"https:\/\/doblesytriples.com.ar\/index.php?rest_route=\/wp\/v2\/types\/post"}],"author":[{"embeddable":true,"href":"https:\/\/doblesytriples.com.ar\/index.php?rest_route=\/wp\/v2\/users\/2"}],"replies":[{"embeddable":true,"href":"https:\/\/doblesytriples.com.ar\/index.php?rest_route=%2Fwp%2Fv2%2Fcomments&post=3314"}],"version-history":[{"count":2,"href":"https:\/\/doblesytriples.com.ar\/index.php?rest_route=\/wp\/v2\/posts\/3314\/revisions"}],"predecessor-version":[{"id":5369,"href":"https:\/\/doblesytriples.com.ar\/index.php?rest_route=\/wp\/v2\/posts\/3314\/revisions\/5369"}],"wp:featuredmedia":[{"embeddable":true,"href":"https:\/\/doblesytriples.com.ar\/index.php?rest_route=\/wp\/v2\/media\/5367"}],"wp:attachment":[{"href":"https:\/\/doblesytriples.com.ar\/index.php?rest_route=%2Fwp%2Fv2%2Fmedia&parent=3314"}],"wp:term":[{"taxonomy":"category","embeddable":true,"href":"https:\/\/doblesytriples.com.ar\/index.php?rest_route=%2Fwp%2Fv2%2Fcategories&post=3314"},{"taxonomy":"post_tag","embeddable":true,"href":"https:\/\/doblesytriples.com.ar\/index.php?rest_route=%2Fwp%2Fv2%2Ftags&post=3314"}],"curies":[{"name":"wp","href":"https:\/\/api.w.org\/{rel}","templated":true}]}}