{"id":3305,"date":"2019-08-27T06:50:10","date_gmt":"2019-08-27T09:50:10","guid":{"rendered":"http:\/\/doblesytriples.com.ar\/?p=3305"},"modified":"2020-10-13T10:06:57","modified_gmt":"2020-10-13T13:06:57","slug":"juan-pedro-gutierrez-con-la-seleccion-se-cierran-todo-tipo-de-grietas","status":"publish","type":"post","link":"https:\/\/doblesytriples.com.ar\/?p=3305","title":{"rendered":"Juan Pedro Guti\u00e9rrez: \u201cCon la Selecci\u00f3n se cierran todo tipo de grietas\u201d"},"content":{"rendered":"\n<p>Juan\nPedro \u201cPipa\u201d Guti\u00e9rrez resalt\u00f3 la uni\u00f3n que siempre caracteriz\u00f3 a los equipos\nrepresentativos de la Argentina. \u201cCon la Selecci\u00f3n se cierran todo tipo de grietas\ny de disputas, estamos todos con ellos\u201d, dijo el ex pivote, medallista de\nbronce en los Juegos Ol\u00edmpicos de Beijing 2008 con la Generaci\u00f3n Dorada. Y\nreconoci\u00f3 que \u201cme gusta mucho el equipo, y me ilusiona el nivel que est\u00e1n\nteniendo los jugadores en sus clubes\u201d.<\/p>\n\n\n\n<p><strong>\u00bfC\u00f3mo ves a la Selecci\u00f3n Argentina de cara al Mundial de\nChina?<\/strong><\/p>\n\n\n\n<p>Yo\nsoy muy optimista. Me gusta mucho el equipo que se est\u00e1 armando, tambi\u00e9n es\nverdad que a uno lo ilusiona ver el nivel que est\u00e1n teniendo los jugadores en\nsus clubes. Ojal\u00e1 eso se pueda plasmar, que se vea un equipo unido. Hasta ac\u00e1\nsiempre nos hemos sentido bien representados y obviamente los que somos\nhinchas, los que fuimos jugadores, nos encolumnamos detr\u00e1s de ellos y vamos a\nestar apoyando y alentando.<\/p>\n\n\n\n<p><strong>Eso de estar unidos es un poco el legado que dejaron\nustedes con la Generaci\u00f3n Dorada, \u00bfno?<\/strong><\/p>\n\n\n\n<p>Creo\nque s\u00ed. De todas maneras, la Selecci\u00f3n Argentina siempre fue as\u00ed. El b\u00e1squet es\nun deporte en el que siempre estamos todos muy unidos, es una familia muy chica\ny que siempre estamos tratando de expandirla. Ahora con la Selecci\u00f3n se cierran\ntodo tipo de grietas y de disputas, y estamos todos con ellos.<\/p>\n\n\n\n<p><strong>\u00bfQu\u00e9 te pareci\u00f3 la \u00faltima Liga Nacional?<\/strong><\/p>\n\n\n\n<p>Bien,\nuna temporada que se extendi\u00f3 quiz\u00e1s un poquito. Pero por suerte la final fue\nmuy atractiva y entretenida, ojal\u00e1 que siempre se repitan series as\u00ed. Ahora hay\nque ver con los cambios que se est\u00e1n implementando en la Liga Nacional c\u00f3mo\nresponde en el sistema de juego, si son para bien o terminan siendo negativos.<\/p>\n\n\n\n<p><strong>\u00bfCre\u00e9s que fueron muchos partidos para los jugadores?<\/strong><\/p>\n\n\n\n<p>Para\nm\u00ed s\u00ed, para m\u00ed el n\u00famero de partidos es alto. Despu\u00e9s obviamente hay que tener\nen cuenta un mont\u00f3n de cosas, que los que estamos afuera no lo sabemos, que son\nlos costos operativos, las cuestiones de calendario y organizativas que son\ndif\u00edciles de llevar a cabo. Hay que tratar de entender el trabajo de los\ndirigentes. Creo de todas maneras que habr\u00eda que bajar el n\u00famero de partidos\npara evitar el desgaste de los jugadores y para tratar de brindar un mejor espect\u00e1culo.\nOjal\u00e1 se pueda lograr.<\/p>\n\n\n\n<p><strong>Foto:<\/strong> Sebasti\u00e1n Adaniya<\/p>\n\n\n\n<p><a href=\"mailto:sebastian.adaniya@doblesytriples.com.ar\">sebastian.adaniya@doblesytriples.com.ar<\/a><\/p>\n\n\n\n<p><strong>Audio de la Entrevista de doblesytriples.com.ar a Juan Pedro Guti\u00e9rrez:<\/strong><\/p>\n\n\n<div style=\"width: 640px;\" class=\"wp-video\"><!--[if lt IE 9]><script>document.createElement('video');<\/script><![endif]-->\n<video class=\"wp-video-shortcode\" id=\"video-3305-1\" width=\"640\" height=\"360\" preload=\"metadata\" controls=\"controls\"><source type=\"video\/mp4\" src=\"http:\/\/doblesytriples.com.ar\/wp-content\/uploads\/2019\/08\/Audio-de-Juan-Gutierrez.mp4?_=1\" \/><a href=\"http:\/\/doblesytriples.com.ar\/wp-content\/uploads\/2019\/08\/Audio-de-Juan-Gutierrez.mp4\">http:\/\/doblesytriples.com.ar\/wp-content\/uploads\/2019\/08\/Audio-de-Juan-Gutierrez.mp4<\/a><\/video><\/div>\n\n\n<p><\/p>\n\n\n\n<figure class=\"wp-block-image size-large\"><img loading=\"lazy\" width=\"867\" height=\"1024\" src=\"http:\/\/doblesytriples.com.ar\/wp-content\/uploads\/2019\/08\/Gutierrez-Juan-con-Sebas-dyt-867x1024-1.jpg\" alt=\"\" class=\"wp-image-5391\" srcset=\"https:\/\/doblesytriples.com.ar\/wp-content\/uploads\/2019\/08\/Gutierrez-Juan-con-Sebas-dyt-867x1024-1.jpg 867w, https:\/\/doblesytriples.com.ar\/wp-content\/uploads\/2019\/08\/Gutierrez-Juan-con-Sebas-dyt-867x1024-1-254x300.jpg 254w, https:\/\/doblesytriples.com.ar\/wp-content\/uploads\/2019\/08\/Gutierrez-Juan-con-Sebas-dyt-867x1024-1-768x907.jpg 768w, https:\/\/doblesytriples.com.ar\/wp-content\/uploads\/2019\/08\/Gutierrez-Juan-con-Sebas-dyt-867x1024-1-108x128.jpg 108w, https:\/\/doblesytriples.com.ar\/wp-content\/uploads\/2019\/08\/Gutierrez-Juan-con-Sebas-dyt-867x1024-1-27x32.jpg 27w, https:\/\/doblesytriples.com.ar\/wp-content\/uploads\/2019\/08\/Gutierrez-Juan-con-Sebas-dyt-867x1024-1-339x400.jpg 339w, https:\/\/doblesytriples.com.ar\/wp-content\/uploads\/2019\/08\/Gutierrez-Juan-con-Sebas-dyt-867x1024-1-470x555.jpg 470w, https:\/\/doblesytriples.com.ar\/wp-content\/uploads\/2019\/08\/Gutierrez-Juan-con-Sebas-dyt-867x1024-1-59x70.jpg 59w, https:\/\/doblesytriples.com.ar\/wp-content\/uploads\/2019\/08\/Gutierrez-Juan-con-Sebas-dyt-867x1024-1-85x100.jpg 85w\" sizes=\"(max-width: 867px) 100vw, 867px\" \/><\/figure>\n","protected":false},"excerpt":{"rendered":"<p>Juan Pedro \u201cPipa\u201d Guti\u00e9rrez resalt\u00f3 la uni\u00f3n que siempre caracteriz\u00f3 a los equipos representativos de la Argentina. \u201cCon la Selecci\u00f3n se cierran todo tipo&#8230;<\/p>\n","protected":false},"author":2,"featured_media":5389,"comment_status":"open","ping_status":"open","sticky":false,"template":"","format":"standard","meta":[],"categories":[137,116,286],"tags":[452,197],"_links":{"self":[{"href":"https:\/\/doblesytriples.com.ar\/index.php?rest_route=\/wp\/v2\/posts\/3305"}],"collection":[{"href":"https:\/\/doblesytriples.com.ar\/index.php?rest_route=\/wp\/v2\/posts"}],"about":[{"href":"https:\/\/doblesytriples.com.ar\/index.php?rest_route=\/wp\/v2\/types\/post"}],"author":[{"embeddable":true,"href":"https:\/\/doblesytriples.com.ar\/index.php?rest_route=\/wp\/v2\/users\/2"}],"replies":[{"embeddable":true,"href":"https:\/\/doblesytriples.com.ar\/index.php?rest_route=%2Fwp%2Fv2%2Fcomments&post=3305"}],"version-history":[{"count":2,"href":"https:\/\/doblesytriples.com.ar\/index.php?rest_route=\/wp\/v2\/posts\/3305\/revisions"}],"predecessor-version":[{"id":5392,"href":"https:\/\/doblesytriples.com.ar\/index.php?rest_route=\/wp\/v2\/posts\/3305\/revisions\/5392"}],"wp:featuredmedia":[{"embeddable":true,"href":"https:\/\/doblesytriples.com.ar\/index.php?rest_route=\/wp\/v2\/media\/5389"}],"wp:attachment":[{"href":"https:\/\/doblesytriples.com.ar\/index.php?rest_route=%2Fwp%2Fv2%2Fmedia&parent=3305"}],"wp:term":[{"taxonomy":"category","embeddable":true,"href":"https:\/\/doblesytriples.com.ar\/index.php?rest_route=%2Fwp%2Fv2%2Fcategories&post=3305"},{"taxonomy":"post_tag","embeddable":true,"href":"https:\/\/doblesytriples.com.ar\/index.php?rest_route=%2Fwp%2Fv2%2Ftags&post=3305"}],"curies":[{"name":"wp","href":"https:\/\/api.w.org\/{rel}","templated":true}]}}