{"id":3288,"date":"2019-08-25T09:19:23","date_gmt":"2019-08-25T12:19:23","guid":{"rendered":"http:\/\/doblesytriples.com.ar\/?p=3288"},"modified":"2019-08-25T09:19:26","modified_gmt":"2019-08-25T12:19:26","slug":"formosa-y-corrientes-definen-el-argentino-de-mayores","status":"publish","type":"post","link":"https:\/\/doblesytriples.com.ar\/?p=3288","title":{"rendered":"Formosa y Corrientes definen el Argentino de Mayores"},"content":{"rendered":"\n<p>La\nedici\u00f3n 85\u00ba del Campeonato Argentino de Mayores ya tiene a sus finalistas: el\nlocal Formosa disputar\u00e1 su primera final de la historia en el certamen frente a\nCorrientes, en el estadio Cincuentenario de la provincia del norte argentino.<\/p>\n\n\n\n<p>En\nel primer turno de las semifinales, Corrientes super\u00f3 a Buenos Aires por 81-75.\nEn el conjunto correntino, dirigido t\u00e9cnicamente por Juan L\u00f3pez R\u00edos, se\ndestacaron Jos\u00e9 Gonz\u00e1lez y Jer\u00f3nimo Ram\u00edrez Acevedo, con 18 puntos cada uno, y\ntambi\u00e9n Germ\u00e1n Gonz\u00e1lez, con 16. En Buenos Aires, conducido por Ariel Amarillo,\nse destacaron Pablo Alderete con 17 unidades y 8 rebotes, y Benjam\u00edn Levato con\n16.<\/p>\n\n\n\n<p>Formosa\nhizo historia al ganarle en la otra semifinal a Santa Fe por 104-95. Una vez\nm\u00e1s, Alexis Elsener fue la figura del partido, con 26 puntos, 7 rebotes y 2\nasistencias. En el equipo dirigido por F\u00e9lix Medina tambi\u00e9n se destacaron\nCarlos Ben\u00edtez con 16 unidades, el capit\u00e1n Javier C\u00e1ceres con 11 tantos y 9\nrebotes, y Luciano C\u00e1rdenas con 11 puntos. En el equipo santafesino, entrenado\npor Leandro Spies, sobresalieron Andr\u00e9s Jaime, con 31 puntos y 3 rebotes, y\ntambi\u00e9n Pablo Mecoli, con 20 unidades y 9 recobres.<\/p>\n\n\n\n<p>Este\ndomingo el estadio Cincuenenario de Formosa va a vibrar con la final del\nArgentino de Mayores entre el equipo anfitri\u00f3n \u2013con posibilidades de coronarse\npor primera vez en la historia- y Corrientes, que buscar\u00e1 su segundo t\u00edtulo en\nla tradicional competencia.<\/p>\n\n\n\n<p><strong>Fuentes:<\/strong> @ResultadosCABB;\ntorneoscabb.com<\/p>\n\n\n\n<p><a href=\"mailto:sebastian.adaniya@doblesytriples.com.ar\">sebastian.adaniya@doblesytriples.com.ar<\/a><\/p>\n\n\n\n<p><\/p>\n\n\n\n<figure class=\"wp-block-image\"><img loading=\"lazy\" width=\"680\" height=\"403\" src=\"http:\/\/doblesytriples.com.ar\/wp-content\/uploads\/2019\/08\/Formosa-festejo-190824.jpg\" alt=\"\" class=\"wp-image-3290\" srcset=\"https:\/\/doblesytriples.com.ar\/wp-content\/uploads\/2019\/08\/Formosa-festejo-190824.jpg 680w, https:\/\/doblesytriples.com.ar\/wp-content\/uploads\/2019\/08\/Formosa-festejo-190824-300x178.jpg 300w, https:\/\/doblesytriples.com.ar\/wp-content\/uploads\/2019\/08\/Formosa-festejo-190824-128x76.jpg 128w, https:\/\/doblesytriples.com.ar\/wp-content\/uploads\/2019\/08\/Formosa-festejo-190824-32x19.jpg 32w, https:\/\/doblesytriples.com.ar\/wp-content\/uploads\/2019\/08\/Formosa-festejo-190824-356x211.jpg 356w, https:\/\/doblesytriples.com.ar\/wp-content\/uploads\/2019\/08\/Formosa-festejo-190824-470x279.jpg 470w, https:\/\/doblesytriples.com.ar\/wp-content\/uploads\/2019\/08\/Formosa-festejo-190824-70x41.jpg 70w, https:\/\/doblesytriples.com.ar\/wp-content\/uploads\/2019\/08\/Formosa-festejo-190824-100x59.jpg 100w\" sizes=\"(max-width: 680px) 100vw, 680px\" \/><figcaption>El festejo de Formosa luego de la victoria en la semifinal<\/figcaption><\/figure>\n\n\n\n<figure class=\"wp-block-image\"><img loading=\"lazy\" width=\"680\" height=\"381\" src=\"http:\/\/doblesytriples.com.ar\/wp-content\/uploads\/2019\/08\/Elsener-Alexis-Formosa.jpg\" alt=\"\" class=\"wp-image-3291\" srcset=\"https:\/\/doblesytriples.com.ar\/wp-content\/uploads\/2019\/08\/Elsener-Alexis-Formosa.jpg 680w, https:\/\/doblesytriples.com.ar\/wp-content\/uploads\/2019\/08\/Elsener-Alexis-Formosa-300x168.jpg 300w, https:\/\/doblesytriples.com.ar\/wp-content\/uploads\/2019\/08\/Elsener-Alexis-Formosa-128x72.jpg 128w, https:\/\/doblesytriples.com.ar\/wp-content\/uploads\/2019\/08\/Elsener-Alexis-Formosa-32x18.jpg 32w, https:\/\/doblesytriples.com.ar\/wp-content\/uploads\/2019\/08\/Elsener-Alexis-Formosa-500x280.jpg 500w, https:\/\/doblesytriples.com.ar\/wp-content\/uploads\/2019\/08\/Elsener-Alexis-Formosa-356x199.jpg 356w, https:\/\/doblesytriples.com.ar\/wp-content\/uploads\/2019\/08\/Elsener-Alexis-Formosa-470x263.jpg 470w, https:\/\/doblesytriples.com.ar\/wp-content\/uploads\/2019\/08\/Elsener-Alexis-Formosa-70x39.jpg 70w, https:\/\/doblesytriples.com.ar\/wp-content\/uploads\/2019\/08\/Elsener-Alexis-Formosa-100x56.jpg 100w\" sizes=\"(max-width: 680px) 100vw, 680px\" \/><figcaption>Alexis Elsener, goleador de Formosa<\/figcaption><\/figure>\n","protected":false},"excerpt":{"rendered":"<p>La edici\u00f3n 85\u00ba del Campeonato Argentino de Mayores ya tiene a sus finalistas: el local Formosa disputar\u00e1 su primera final de la historia en&#8230;<\/p>\n","protected":false},"author":2,"featured_media":3289,"comment_status":"open","ping_status":"open","sticky":false,"template":"","format":"standard","meta":[],"categories":[448,100],"tags":[450,449],"_links":{"self":[{"href":"https:\/\/doblesytriples.com.ar\/index.php?rest_route=\/wp\/v2\/posts\/3288"}],"collection":[{"href":"https:\/\/doblesytriples.com.ar\/index.php?rest_route=\/wp\/v2\/posts"}],"about":[{"href":"https:\/\/doblesytriples.com.ar\/index.php?rest_route=\/wp\/v2\/types\/post"}],"author":[{"embeddable":true,"href":"https:\/\/doblesytriples.com.ar\/index.php?rest_route=\/wp\/v2\/users\/2"}],"replies":[{"embeddable":true,"href":"https:\/\/doblesytriples.com.ar\/index.php?rest_route=%2Fwp%2Fv2%2Fcomments&post=3288"}],"version-history":[{"count":1,"href":"https:\/\/doblesytriples.com.ar\/index.php?rest_route=\/wp\/v2\/posts\/3288\/revisions"}],"predecessor-version":[{"id":3292,"href":"https:\/\/doblesytriples.com.ar\/index.php?rest_route=\/wp\/v2\/posts\/3288\/revisions\/3292"}],"wp:featuredmedia":[{"embeddable":true,"href":"https:\/\/doblesytriples.com.ar\/index.php?rest_route=\/wp\/v2\/media\/3289"}],"wp:attachment":[{"href":"https:\/\/doblesytriples.com.ar\/index.php?rest_route=%2Fwp%2Fv2%2Fmedia&parent=3288"}],"wp:term":[{"taxonomy":"category","embeddable":true,"href":"https:\/\/doblesytriples.com.ar\/index.php?rest_route=%2Fwp%2Fv2%2Fcategories&post=3288"},{"taxonomy":"post_tag","embeddable":true,"href":"https:\/\/doblesytriples.com.ar\/index.php?rest_route=%2Fwp%2Fv2%2Ftags&post=3288"}],"curies":[{"name":"wp","href":"https:\/\/api.w.org\/{rel}","templated":true}]}}