{"id":3104,"date":"2019-07-15T10:48:59","date_gmt":"2019-07-15T13:48:59","guid":{"rendered":"http:\/\/doblesytriples.com.ar\/?p=3104"},"modified":"2020-10-13T10:35:45","modified_gmt":"2020-10-13T13:35:45","slug":"nicolas-laprovittola-es-emocionante-volver-a-jugar-en-la-cancha-de-lanus","status":"publish","type":"post","link":"https:\/\/doblesytriples.com.ar\/?p=3104","title":{"rendered":"Nicol\u00e1s Laprov\u00edttola: \u201cEs emocionante volver a jugar en la cancha de Lan\u00fas\u201d"},"content":{"rendered":"\n<p>Es\nel MVP de la \u00faltima Liga ACB de Espa\u00f1a, y una de las figuras indiscutidas de la\nSelecci\u00f3n Argentina. En el Juego de las Estrellas se sac\u00f3 fotos con todo el\np\u00fablico que tanto lo mim\u00f3 \u2013siempre con una sonrisa-, y respondi\u00f3 todas las\npreguntas, cumpliendo su rol de \u00eddolo de todos los amantes del b\u00e1squetbol. Se\nlo not\u00f3 emocionado y muy contento de volver a jugar en su segunda casa, el\nestadio Antonio Rotili de Lan\u00fas, en donde fue subcampe\u00f3n de la Liga Nacional en\n2013. \u201cEs muy emocionante volver a jugar ac\u00e1 y ver a la gente que me cuid\u00f3 y me\neduc\u00f3 de chico\u201d, dijo el base, recientemente fichado por el Real Madrid.<\/p>\n\n\n\n<p>Con\nrespecto al Mundial de China 2019 que ya se viene, Laprov\u00edttola asegur\u00f3 que \u201ctodos\nestamos en un muy buen momento, en una linda edad y plenos f\u00edsicamente, as\u00ed que\ntodo nos juega a favor para ilusionarnos\u201d.<\/p>\n\n\n\n<p><strong>La respondiste mil veces esta noche, pero te lo vuelvo a\npreguntar: \u00bfQu\u00e9 se siente al volver a jugar en la cancha de Lan\u00fas?<\/strong><\/p>\n\n\n\n<p>Mucha\nemoci\u00f3n, mucha nostalgia, volver a jugar en el Rotili de Lan\u00fas\u2026 Pas\u00e9 mucho\ntiempo ac\u00e1, muchos entrenamientos y partidos, y la verdad es que siempre tengo\nel mejor recuerdo. Poder estar ac\u00e1, con la gente que me cuid\u00f3, que me educ\u00f3 de\nchico, para m\u00ed es muy emocionante.<\/p>\n\n\n\n<p><strong>Ven\u00eds de tu mejor temporada seg\u00fan dijiste, \u00bfqu\u00e9\nexpectativas ten\u00e9s para el Mundial de China?<\/strong><\/p>\n\n\n\n<p>Creo\nque tanto yo como todos los chicos estamos en un muy buen momento, en una linda\nedad, estamos plenos f\u00edsicamente, as\u00ed que todo nos juega a favor para\nilusionarnos. Tenemos que entrenar, trabajar mucho en la fase previa para\nllegar bien al Mundial.<\/p>\n\n\n\n<p><strong>Despu\u00e9s del Mundial se vendr\u00e1 el debut en el Real Madrid,\n\u00bfc\u00f3mo esper\u00e1s ese momento?<\/strong><\/p>\n\n\n\n<p>Primero\nestoy pensando en la Selecci\u00f3n Argentina, as\u00ed que mucho no voy a pensar en el\nMadrid, pero sin dudas que es un gran paso en mi carrera, voy a intentar estar\npreparado desde el primer d\u00eda para jugar cada partido.<\/p>\n\n\n\n<p><strong>Fuentes<\/strong>: juegodelasestrellas.com.ar;\n@JdelasEstrellas<\/p>\n\n\n\n<p><a href=\"mailto:sebastian.adaniya@doblesytriples.com.ar\">sebastian.adaniya@doblesytriples.com.ar<\/a><\/p>\n\n\n\n<p><strong>Audio de la Entrevista de doblesytriples.com.ar a Nicol\u00e1s Laprov\u00edttola:<\/strong><\/p>\n\n\n<div style=\"width: 640px;\" class=\"wp-video\"><!--[if lt IE 9]><script>document.createElement('video');<\/script><![endif]-->\n<video class=\"wp-video-shortcode\" id=\"video-3104-1\" width=\"640\" height=\"360\" preload=\"metadata\" controls=\"controls\"><source type=\"video\/mp4\" src=\"http:\/\/doblesytriples.com.ar\/wp-content\/uploads\/2019\/07\/Audio-de-Nicolas-Laprovittola.mp4?_=1\" \/><a href=\"http:\/\/doblesytriples.com.ar\/wp-content\/uploads\/2019\/07\/Audio-de-Nicolas-Laprovittola.mp4\">http:\/\/doblesytriples.com.ar\/wp-content\/uploads\/2019\/07\/Audio-de-Nicolas-Laprovittola.mp4<\/a><\/video><\/div>\n\n\n<p><\/p>\n\n\n\n<figure class=\"wp-block-image size-large\"><img loading=\"lazy\" width=\"1024\" height=\"682\" src=\"http:\/\/doblesytriples.com.ar\/wp-content\/uploads\/2019\/07\/Laprovittola-con-el-premio.jpg\" alt=\"\" class=\"wp-image-5424\" srcset=\"https:\/\/doblesytriples.com.ar\/wp-content\/uploads\/2019\/07\/Laprovittola-con-el-premio.jpg 1024w, https:\/\/doblesytriples.com.ar\/wp-content\/uploads\/2019\/07\/Laprovittola-con-el-premio-300x200.jpg 300w, https:\/\/doblesytriples.com.ar\/wp-content\/uploads\/2019\/07\/Laprovittola-con-el-premio-768x512.jpg 768w, https:\/\/doblesytriples.com.ar\/wp-content\/uploads\/2019\/07\/Laprovittola-con-el-premio-128x85.jpg 128w, https:\/\/doblesytriples.com.ar\/wp-content\/uploads\/2019\/07\/Laprovittola-con-el-premio-32x21.jpg 32w, https:\/\/doblesytriples.com.ar\/wp-content\/uploads\/2019\/07\/Laprovittola-con-el-premio-356x237.jpg 356w, https:\/\/doblesytriples.com.ar\/wp-content\/uploads\/2019\/07\/Laprovittola-con-el-premio-470x313.jpg 470w, https:\/\/doblesytriples.com.ar\/wp-content\/uploads\/2019\/07\/Laprovittola-con-el-premio-70x47.jpg 70w, https:\/\/doblesytriples.com.ar\/wp-content\/uploads\/2019\/07\/Laprovittola-con-el-premio-100x67.jpg 100w\" sizes=\"(max-width: 1024px) 100vw, 1024px\" \/><\/figure>\n\n\n\n<figure class=\"wp-block-image size-large\"><img loading=\"lazy\" width=\"1024\" height=\"768\" src=\"http:\/\/doblesytriples.com.ar\/wp-content\/uploads\/2019\/07\/Laprovittola-Nicolas-y-Sebas-1024x768-1.jpg\" alt=\"\" class=\"wp-image-5425\" srcset=\"https:\/\/doblesytriples.com.ar\/wp-content\/uploads\/2019\/07\/Laprovittola-Nicolas-y-Sebas-1024x768-1.jpg 1024w, https:\/\/doblesytriples.com.ar\/wp-content\/uploads\/2019\/07\/Laprovittola-Nicolas-y-Sebas-1024x768-1-300x225.jpg 300w, https:\/\/doblesytriples.com.ar\/wp-content\/uploads\/2019\/07\/Laprovittola-Nicolas-y-Sebas-1024x768-1-768x576.jpg 768w, https:\/\/doblesytriples.com.ar\/wp-content\/uploads\/2019\/07\/Laprovittola-Nicolas-y-Sebas-1024x768-1-128x96.jpg 128w, https:\/\/doblesytriples.com.ar\/wp-content\/uploads\/2019\/07\/Laprovittola-Nicolas-y-Sebas-1024x768-1-32x24.jpg 32w, https:\/\/doblesytriples.com.ar\/wp-content\/uploads\/2019\/07\/Laprovittola-Nicolas-y-Sebas-1024x768-1-356x267.jpg 356w, https:\/\/doblesytriples.com.ar\/wp-content\/uploads\/2019\/07\/Laprovittola-Nicolas-y-Sebas-1024x768-1-470x353.jpg 470w, https:\/\/doblesytriples.com.ar\/wp-content\/uploads\/2019\/07\/Laprovittola-Nicolas-y-Sebas-1024x768-1-70x53.jpg 70w, https:\/\/doblesytriples.com.ar\/wp-content\/uploads\/2019\/07\/Laprovittola-Nicolas-y-Sebas-1024x768-1-100x75.jpg 100w\" sizes=\"(max-width: 1024px) 100vw, 1024px\" \/><\/figure>\n","protected":false},"excerpt":{"rendered":"<p>Es el MVP de la \u00faltima Liga ACB de Espa\u00f1a, y una de las figuras indiscutidas de la Selecci\u00f3n Argentina. En el Juego de&#8230;<\/p>\n","protected":false},"author":2,"featured_media":5422,"comment_status":"open","ping_status":"open","sticky":false,"template":"","format":"standard","meta":[],"categories":[428,100,286],"tags":[220,197],"_links":{"self":[{"href":"https:\/\/doblesytriples.com.ar\/index.php?rest_route=\/wp\/v2\/posts\/3104"}],"collection":[{"href":"https:\/\/doblesytriples.com.ar\/index.php?rest_route=\/wp\/v2\/posts"}],"about":[{"href":"https:\/\/doblesytriples.com.ar\/index.php?rest_route=\/wp\/v2\/types\/post"}],"author":[{"embeddable":true,"href":"https:\/\/doblesytriples.com.ar\/index.php?rest_route=\/wp\/v2\/users\/2"}],"replies":[{"embeddable":true,"href":"https:\/\/doblesytriples.com.ar\/index.php?rest_route=%2Fwp%2Fv2%2Fcomments&post=3104"}],"version-history":[{"count":2,"href":"https:\/\/doblesytriples.com.ar\/index.php?rest_route=\/wp\/v2\/posts\/3104\/revisions"}],"predecessor-version":[{"id":5426,"href":"https:\/\/doblesytriples.com.ar\/index.php?rest_route=\/wp\/v2\/posts\/3104\/revisions\/5426"}],"wp:featuredmedia":[{"embeddable":true,"href":"https:\/\/doblesytriples.com.ar\/index.php?rest_route=\/wp\/v2\/media\/5422"}],"wp:attachment":[{"href":"https:\/\/doblesytriples.com.ar\/index.php?rest_route=%2Fwp%2Fv2%2Fmedia&parent=3104"}],"wp:term":[{"taxonomy":"category","embeddable":true,"href":"https:\/\/doblesytriples.com.ar\/index.php?rest_route=%2Fwp%2Fv2%2Fcategories&post=3104"},{"taxonomy":"post_tag","embeddable":true,"href":"https:\/\/doblesytriples.com.ar\/index.php?rest_route=%2Fwp%2Fv2%2Ftags&post=3104"}],"curies":[{"name":"wp","href":"https:\/\/api.w.org\/{rel}","templated":true}]}}